{"id":906,"date":"2024-02-21T19:19:14","date_gmt":"2024-02-21T19:19:14","guid":{"rendered":"https:\/\/devrsduemental.iie.cl\/?p=906"},"modified":"2024-07-18T10:51:05","modified_gmt":"2024-07-18T14:51:05","slug":"soledad","status":"publish","type":"post","link":"https:\/\/aquicontigo.uestatales.cl\/index.php\/2024\/02\/21\/soledad\/","title":{"rendered":"Soledad"},"content":{"rendered":"[vc_row type=&#8221;in_container&#8221; full_screen_row_position=&#8221;middle&#8221; column_margin=&#8221;default&#8221; equal_height=&#8221;yes&#8221; column_direction=&#8221;default&#8221; column_direction_tablet=&#8221;default&#8221; column_direction_phone=&#8221;default&#8221; scene_position=&#8221;center&#8221; text_color=&#8221;dark&#8221; text_align=&#8221;left&#8221; row_border_radius=&#8221;none&#8221; row_border_radius_applies=&#8221;bg&#8221; overflow=&#8221;visible&#8221; overlay_strength=&#8221;0.3&#8243; gradient_direction=&#8221;left_to_right&#8221; shape_divider_position=&#8221;bottom&#8221; bg_image_animation=&#8221;none&#8221; gradient_type=&#8221;default&#8221; shape_type=&#8221;&#8221;][vc_column column_padding=&#8221;padding-2-percent&#8221; column_padding_tablet=&#8221;inherit&#8221; column_padding_phone=&#8221;inherit&#8221; column_padding_position=&#8221;all&#8221; column_element_direction_desktop=&#8221;default&#8221; column_element_spacing=&#8221;default&#8221; centered_text=&#8221;true&#8221; desktop_text_alignment=&#8221;default&#8221; tablet_text_alignment=&#8221;default&#8221; phone_text_alignment=&#8221;default&#8221; background_color=&#8221;#ffecff&#8221; background_color_opacity=&#8221;1&#8243; background_hover_color_opacity=&#8221;1&#8243; column_backdrop_filter=&#8221;none&#8221; column_shadow=&#8221;none&#8221; column_border_radius=&#8221;10px&#8221; column_link_target=&#8221;_self&#8221; column_position=&#8221;default&#8221; gradient_direction=&#8221;left_to_right&#8221; overlay_strength=&#8221;0.3&#8243; width=&#8221;1\/2&#8243; tablet_width_inherit=&#8221;default&#8221; animation_type=&#8221;default&#8221; bg_image_animation=&#8221;none&#8221; border_type=&#8221;simple&#8221; column_border_width=&#8221;none&#8221; column_border_style=&#8221;solid&#8221; column_padding_type=&#8221;default&#8221; gradient_type=&#8221;default&#8221;][nectar_video_player_self_hosted video_mp4=&#8221;https:\/\/aquicontigo.uestatales.cl\/wp-content\/uploads\/2024\/02\/Impacto-del-deporte-en-la-salud-mental.mp4&#8243; video_image=&#8221;2260&#8243; player_functionality=&#8221;default&#8221; border_radius=&#8221;none&#8221; box_shadow=&#8221;none&#8221; advanced_gradient_display_type=&#8221;linear&#8221;][\/vc_column][vc_column column_padding=&#8221;no-extra-padding&#8221; column_padding_tablet=&#8221;inherit&#8221; column_padding_phone=&#8221;inherit&#8221; column_padding_position=&#8221;all&#8221; column_element_direction_desktop=&#8221;default&#8221; column_element_spacing=&#8221;default&#8221; desktop_text_alignment=&#8221;default&#8221; tablet_text_alignment=&#8221;default&#8221; phone_text_alignment=&#8221;default&#8221; background_color_opacity=&#8221;1&#8243; background_hover_color_opacity=&#8221;1&#8243; column_backdrop_filter=&#8221;none&#8221; column_shadow=&#8221;none&#8221; column_border_radius=&#8221;none&#8221; column_link_target=&#8221;_self&#8221; column_position=&#8221;default&#8221; gradient_direction=&#8221;left_to_right&#8221; overlay_strength=&#8221;0.3&#8243; width=&#8221;1\/2&#8243; tablet_width_inherit=&#8221;default&#8221; animation_type=&#8221;default&#8221; bg_image_animation=&#8221;none&#8221; border_type=&#8221;simple&#8221; column_border_width=&#8221;none&#8221; column_border_style=&#8221;solid&#8221;][vc_column_text css=&#8221;.vc_custom_1716396376388{margin-top: 15px !important;margin-right: 35px !important;margin-left: 35px !important;}&#8221;]\n<p style=\"font: normal normal normal 30px\/36px Roboto;\"><span style=\"color: #990359;\">Redes de apoyo<\/span><\/p>\n[\/vc_column_text][vc_column_text css=&#8221;.vc_custom_1716406776659{margin-top: 15px !important;margin-right: 35px !important;margin-bottom: 15px !important;margin-left: 35px !important;}&#8221;]Si el sentimiento de soledad persiste durante un per\u00edodo prolongado de tiempo, o si te est\u00e1 resultando muy dif\u00edcil lidiar con este sentimiento, es importante buscar apoyo para prevenir un impacto adicional en tu bienestar. Haz clic <a href=\"https:\/\/aquicontigo.uestatales.cl\/index.php\/redes-de-apoyo\/\">aqu\u00ed<\/a> para conocer redes de apoyo.[\/vc_column_text][\/vc_column][\/vc_row][vc_row type=&#8221;in_container&#8221; full_screen_row_position=&#8221;middle&#8221; column_margin=&#8221;default&#8221; column_direction=&#8221;default&#8221; column_direction_tablet=&#8221;default&#8221; column_direction_phone=&#8221;default&#8221; scene_position=&#8221;center&#8221; text_color=&#8221;custom&#8221; text_align=&#8221;left&#8221; row_border_radius=&#8221;none&#8221; row_border_radius_applies=&#8221;bg&#8221; overflow=&#8221;visible&#8221; id=&#8221;big-content-toggles&#8221; overlay_strength=&#8221;0.3&#8243; gradient_direction=&#8221;left_to_right&#8221; shape_divider_position=&#8221;bottom&#8221; bg_image_animation=&#8221;none&#8221; gradient_type=&#8221;default&#8221; shape_type=&#8221;&#8221;][vc_column column_padding=&#8221;no-extra-padding&#8221; column_padding_tablet=&#8221;inherit&#8221; column_padding_phone=&#8221;inherit&#8221; column_padding_position=&#8221;all&#8221; column_element_direction_desktop=&#8221;default&#8221; column_element_spacing=&#8221;default&#8221; desktop_text_alignment=&#8221;default&#8221; tablet_text_alignment=&#8221;default&#8221; phone_text_alignment=&#8221;default&#8221; background_color_opacity=&#8221;1&#8243; background_hover_color_opacity=&#8221;1&#8243; column_backdrop_filter=&#8221;none&#8221; column_shadow=&#8221;none&#8221; column_border_radius=&#8221;none&#8221; column_link_target=&#8221;_self&#8221; column_position=&#8221;default&#8221; gradient_direction=&#8221;left_to_right&#8221; overlay_strength=&#8221;0.3&#8243; width=&#8221;1\/1&#8243; tablet_width_inherit=&#8221;default&#8221; animation_type=&#8221;default&#8221; bg_image_animation=&#8221;none&#8221; border_type=&#8221;simple&#8221; column_border_width=&#8221;none&#8221; column_border_style=&#8221;solid&#8221; column_padding_type=&#8221;default&#8221; gradient_type=&#8221;default&#8221;][vc_row_inner column_margin=&#8221;default&#8221; column_direction=&#8221;default&#8221; column_direction_tablet=&#8221;default&#8221; column_direction_phone=&#8221;default&#8221; text_align=&#8221;left&#8221; row_position=&#8221;default&#8221; row_position_tablet=&#8221;inherit&#8221; row_position_phone=&#8221;inherit&#8221; overflow=&#8221;visible&#8221; pointer_events=&#8221;all&#8221; class=&#8221;autores_emociones&#8221;][vc_column_inner column_padding=&#8221;no-extra-padding&#8221; column_padding_tablet=&#8221;inherit&#8221; column_padding_phone=&#8221;inherit&#8221; column_padding_position=&#8221;all&#8221; column_element_direction_desktop=&#8221;default&#8221; column_element_spacing=&#8221;default&#8221; desktop_text_alignment=&#8221;default&#8221; tablet_text_alignment=&#8221;default&#8221; phone_text_alignment=&#8221;default&#8221; background_color_opacity=&#8221;1&#8243; background_hover_color_opacity=&#8221;1&#8243; column_backdrop_filter=&#8221;none&#8221; column_shadow=&#8221;none&#8221; column_border_radius=&#8221;none&#8221; column_link_target=&#8221;_self&#8221; overflow=&#8221;visible&#8221; gradient_direction=&#8221;left_to_right&#8221; overlay_strength=&#8221;0.3&#8243; width=&#8221;1\/2&#8243; tablet_width_inherit=&#8221;default&#8221; animation_type=&#8221;default&#8221; bg_image_animation=&#8221;none&#8221; border_type=&#8221;simple&#8221; column_border_width=&#8221;none&#8221; column_border_style=&#8221;solid&#8221; column_padding_type=&#8221;default&#8221; gradient_type=&#8221;default&#8221; offset=&#8221;vc_col-xs-6&#8243;][vc_custom_heading text=&#8221;Autores\/as&#8221; font_container=&#8221;tag:h4|text_align:left|color:%23990359&#8243; google_fonts=&#8221;font_family:Roboto%3A100%2C100italic%2C300%2C300italic%2Cregular%2Citalic%2C500%2C500italic%2C700%2C700italic%2C900%2C900italic|font_style:400%20regular%3A400%3Anormal&#8221;][vc_column_text]\n<p style=\"text-align: left; font-size: 14px;\"><span style=\"color: #990359;\">Equipo RSDUE<\/span><\/p>\n[\/vc_column_text][\/vc_column_inner][vc_column_inner column_padding=&#8221;no-extra-padding&#8221; column_padding_tablet=&#8221;inherit&#8221; column_padding_phone=&#8221;inherit&#8221; column_padding_position=&#8221;all&#8221; column_element_direction_desktop=&#8221;default&#8221; column_element_spacing=&#8221;default&#8221; desktop_text_alignment=&#8221;default&#8221; tablet_text_alignment=&#8221;default&#8221; phone_text_alignment=&#8221;default&#8221; background_color_opacity=&#8221;1&#8243; background_hover_color_opacity=&#8221;1&#8243; column_backdrop_filter=&#8221;none&#8221; column_shadow=&#8221;none&#8221; column_border_radius=&#8221;none&#8221; column_link_target=&#8221;_self&#8221; overflow=&#8221;visible&#8221; el_class=&#8221;columna_editor&#8221; gradient_direction=&#8221;left_to_right&#8221; overlay_strength=&#8221;0.3&#8243; width=&#8221;1\/2&#8243; tablet_width_inherit=&#8221;default&#8221; animation_type=&#8221;default&#8221; bg_image_animation=&#8221;none&#8221; border_type=&#8221;simple&#8221; column_border_width=&#8221;none&#8221; column_border_style=&#8221;solid&#8221; column_padding_type=&#8221;default&#8221; gradient_type=&#8221;default&#8221; offset=&#8221;vc_col-xs-6&#8243;][vc_custom_heading text=&#8221;Editores\/as&#8221; font_container=&#8221;tag:h4|text_align:right|color:%23990359&#8243; google_fonts=&#8221;font_family:Roboto%3A100%2C100italic%2C300%2C300italic%2Cregular%2Citalic%2C500%2C500italic%2C700%2C700italic%2C900%2C900italic|font_style:400%20regular%3A400%3Anormal&#8221;][vc_column_text]\n<p style=\"font-size: 14px; text-align: right;\"><span style=\"color: #990359;\">Marlen Figueroa (Upla)<\/span><\/p>\n[\/vc_column_text][\/vc_column_inner][\/vc_row_inner][divider line_type=&#8221;Full Width Line&#8221; line_thickness=&#8221;3&#8243; divider_color=&#8221;default&#8221;][toggles style=&#8221;minimal&#8221;][toggle color=&#8221;Default&#8221; heading_tag=&#8221;default&#8221; heading_tag_functionality=&#8221;default&#8221; title=&#8221;\u00bfQu\u00e9 es la soledad?&#8221;][vc_column_text]La soledad puede ser vivida como un sentimiento angustiante, y, aun cuando todos hemos experimentado la soledad en alg\u00fan momento, para algunas personas es cr\u00f3nica y no est\u00e1 vinculada a eventos espec\u00edficos (Vanhalst et al., 2015). Se ha sugerido <b>que la experiencia prolongada de la soledad,<\/b> en contraste con la soledad transitoria, probablemente est\u00e9 relacionada con estos efectos adversos (Qualter et al., 2015).<\/p>\n<p><b>La soledad es m\u00e1s que simplemente estar solo.<\/b> Es un estado mental en el que anhelamos el contacto humano, que parece estar fuera de nuestro alcance, dej\u00e1ndonos con una sensaci\u00f3n de vac\u00edo y desconexi\u00f3n. Si bien las causas y soluciones de la soledad var\u00edan de una persona a otra, lo relevante es abordarlas; el no hacerlo, puede tener un impacto negativo en nuestra salud f\u00edsica y mental.<\/p>\n<p>Es necesario reconocer que la soledad nos puede afectar a todos en alg\u00fan momento. De acuerdo con un estudio reciente, un 21% de chilenos\/as mayores de 18 a\u00f1os declara sentirse solo\/a o excluido\/a (Bravo et al., 2022). En educaci\u00f3n superior, los resultados de la encuesta VOCES (2022) indican que cerca de un 15% de los\/as estudiantes reporta dentro de sus principales dificultades el hacer amigos\/as en su carrera.[\/vc_column_text][\/toggle][toggle color=&#8221;Default&#8221; heading_tag=&#8221;default&#8221; heading_tag_functionality=&#8221;default&#8221; title=&#8221;\u00bfQu\u00e9 puedo hacer si me siento solo\/a?&#8221;][vc_column_text]Es importante explorar <b>qu\u00e9 es lo que nos hace sentir solos\/as<\/b> y <b>qu\u00e9 situaciones intensifican esos sentimientos<\/b>. A veces, nuestro pensamiento toma atajos, y nos lleva a concluir que nos sentimos solos\/as porque no somos queridos, no somos apreciados o simplemente no somos deseados.<\/p>\n<p>No te castigues tanto y en su lugar, mira con perspectiva la situaci\u00f3n. A veces sin intenci\u00f3n creamos barreras, obst\u00e1culos o situaciones que contribuyen a sentirnos solos\/as. Te sugerimos profundizar en ello para realizar las modificaciones que sean necesarias.<\/p>\n<p style=\"text-align: center;\"><b>A continuaci\u00f3n, te invitamos a explorar los aspectos de tu vida que puedes controlar y que afectan tu experiencia de soledad.<\/b><\/p>\n[\/vc_column_text][\/toggle][toggle color=&#8221;Default&#8221; heading_tag=&#8221;default&#8221; heading_tag_functionality=&#8221;default&#8221; title=&#8221;\u00bfCu\u00e1ndo y d\u00f3nde te sientes solo\/a?&#8221;][vc_column_text]Cuando nos sentimos solos\/as, es f\u00e1cil caer en declaraciones absolutas y poco \u00fatiles <i>como &#8220;no soy digno de amor&#8221;<\/i>. Una investigaci\u00f3n (Spithoven et al., 2017) \u00a0ha dado cuenta de c\u00f3mo, al estar solos, construimos algunos errores de pensamiento que nos dificultan sentir y entregarnos a la compa\u00f1\u00eda de otros\/as.<\/p>\n<p>Si comenzamos a examinar lo que realmente est\u00e1 sucediendo en nuestro interior, haremos descubrimientos importantes sobre <b>las situaciones que desencadenan la soledad.<\/b> Tal vez sea despu\u00e9s de pasar mucho tiempo navegando en las redes sociales o de compartir tiempo con ciertos amigos. Cuanto m\u00e1s entendamos acerca de lo que contribuye a aumentar nuestra sensaci\u00f3n de soledad, m\u00e1s podremos cambiar rutinas o interacciones para ayudar a disminuir los sentimientos negativos.[\/vc_column_text][\/toggle][toggle color=&#8221;Default&#8221; heading_tag=&#8221;default&#8221; heading_tag_functionality=&#8221;default&#8221; title=&#8221;\u00bfQu\u00e9 te hace sentir menos solo\/a?&#8221;][vc_column_text]A medida que identifiques lo que te hace sentir m\u00e1s solo, tambi\u00e9n es importante explorar las partes de tu vida que <b>te hacen sentir m\u00e1s conectado.<\/b><\/p>\n<ul>\n<li>\u00bfHablar con cierto amigo\/a o alguien de tu familia te hace sentir menos solo\/a?<\/li>\n<li>\u00bfTomar una clase de ejercicio en grupo, un taller recreativo o hacer voluntariado te hace sentir que perteneces o m\u00e1s acompa\u00f1ado\/a?<\/li>\n<\/ul>\n<p>Cuando identificamos a las personas y actividades que nos brindan compa\u00f1\u00eda y pertenencia, podemos enfocarnos en potenciarlas. Existe evidencia cient\u00edfica que avala la relevancia que tiene el sentirse perteneciente y seguro\/a para el bienestar en general y la salud mental (Gilbert, 2014)[\/vc_column_text][\/toggle][toggle color=&#8221;Default&#8221; heading_tag=&#8221;default&#8221; heading_tag_functionality=&#8221;default&#8221; title=&#8221;\u00bfD\u00f3nde puedo conseguir ayuda?&#8221;][vc_column_text]<b>Si el sentimiento de soledad persiste durante un per\u00edodo prolongado de tiempo, o si te est\u00e1 resultando muy dif\u00edcil lidiar con este sentimi<\/b>e<b>nto, es importante buscar apoyo para prevenir un impacto adicional en tu bienestar. <\/b><\/p>\n<p>Los profesionales de salud mental pueden ayudarnos a explorar las causas de la soledad y las formas de superarla.[\/vc_column_text][vc_row_inner equal_height=&#8221;yes&#8221; content_placement=&#8221;middle&#8221; column_margin=&#8221;default&#8221; column_direction=&#8221;default&#8221; column_direction_tablet=&#8221;default&#8221; column_direction_phone=&#8221;default&#8221; top_padding=&#8221;3%&#8221; constrain_group_1=&#8221;yes&#8221; bottom_padding=&#8221;3%&#8221; left_padding_desktop=&#8221;3%&#8221; constrain_group_2=&#8221;yes&#8221; right_padding_desktop=&#8221;3%&#8221; top_padding_phone=&#8221;6%&#8221; constrain_group_5=&#8221;yes&#8221; bottom_padding_phone=&#8221;6%&#8221; left_padding_phone=&#8221;6%&#8221; constrain_group_6=&#8221;yes&#8221; right_padding_phone=&#8221;6%&#8221; text_align=&#8221;left&#8221; row_position=&#8221;default&#8221; row_position_tablet=&#8221;inherit&#8221; row_position_phone=&#8221;inherit&#8221; overflow=&#8221;visible&#8221; pointer_events=&#8221;all&#8221; el_id=&#8221;cta-RSDUE&#8221; css=&#8221;.vc_custom_1710861121969{background-color: #009c9d !important;border-radius: 10px !important;}&#8221;][vc_column_inner column_padding=&#8221;no-extra-padding&#8221; column_padding_tablet=&#8221;inherit&#8221; column_padding_phone=&#8221;inherit&#8221; column_padding_position=&#8221;all&#8221; column_element_direction_desktop=&#8221;horizontal&#8221; column_element_alignment=&#8221;center&#8221; column_element_spacing=&#8221;0px&#8221; desktop_text_alignment=&#8221;default&#8221; tablet_text_alignment=&#8221;default&#8221; phone_text_alignment=&#8221;default&#8221; background_color_opacity=&#8221;1&#8243; background_hover_color_opacity=&#8221;1&#8243; column_backdrop_filter=&#8221;none&#8221; font_color=&#8221;#ffffff&#8221; column_shadow=&#8221;none&#8221; column_border_radius=&#8221;none&#8221; column_link_target=&#8221;_self&#8221; overflow=&#8221;visible&#8221; gradient_direction=&#8221;left_to_right&#8221; overlay_strength=&#8221;0.3&#8243; width=&#8221;1\/4&#8243; tablet_width_inherit=&#8221;default&#8221; animation_type=&#8221;default&#8221; bg_image_animation=&#8221;none&#8221; border_type=&#8221;simple&#8221; column_border_width=&#8221;none&#8221; column_border_style=&#8221;solid&#8221; column_padding_type=&#8221;default&#8221; gradient_type=&#8221;default&#8221;][vc_column_text css=&#8221;.vc_custom_1716400379405{margin-right: 20px !important;}&#8221;]\n<h3>\u00bfD\u00f3nde encontrar ayuda?<\/h3>\n[\/vc_column_text][divider line_type=&#8221;Vertical Line&#8221; divider_color=&#8221;extra-color-gradient-2&#8243; custom_height=&#8221;40px&#8221;][\/vc_column_inner][vc_column_inner column_padding=&#8221;no-extra-padding&#8221; column_padding_tablet=&#8221;inherit&#8221; column_padding_phone=&#8221;inherit&#8221; column_padding_position=&#8221;all&#8221; column_element_direction_desktop=&#8221;default&#8221; column_element_spacing=&#8221;default&#8221; desktop_text_alignment=&#8221;default&#8221; tablet_text_alignment=&#8221;default&#8221; phone_text_alignment=&#8221;default&#8221; background_color_opacity=&#8221;1&#8243; background_hover_color_opacity=&#8221;1&#8243; column_backdrop_filter=&#8221;none&#8221; font_color=&#8221;#ffffff&#8221; column_shadow=&#8221;none&#8221; column_border_radius=&#8221;none&#8221; column_link_target=&#8221;_self&#8221; overflow=&#8221;visible&#8221; gradient_direction=&#8221;left_to_right&#8221; overlay_strength=&#8221;0.3&#8243; width=&#8221;1\/2&#8243; tablet_width_inherit=&#8221;default&#8221; animation_type=&#8221;default&#8221; bg_image_animation=&#8221;none&#8221; border_type=&#8221;simple&#8221; column_border_width=&#8221;none&#8221; column_border_style=&#8221;solid&#8221; column_padding_type=&#8221;default&#8221; gradient_type=&#8221;default&#8221;][vc_column_text]Si sientes que la soledad est\u00e1 afectando tu salud mental o bienestar, no dudes en buscar ayuda profesional. Puedes encontrar recursos para solicitar apoyo pinchando el bot\u00f3n.[\/vc_column_text][\/vc_column_inner][vc_column_inner column_padding=&#8221;no-extra-padding&#8221; column_padding_tablet=&#8221;inherit&#8221; column_padding_phone=&#8221;inherit&#8221; column_padding_position=&#8221;all&#8221; column_element_direction_desktop=&#8221;default&#8221; column_element_spacing=&#8221;default&#8221; desktop_text_alignment=&#8221;default&#8221; tablet_text_alignment=&#8221;default&#8221; phone_text_alignment=&#8221;default&#8221; background_color_opacity=&#8221;1&#8243; background_hover_color_opacity=&#8221;1&#8243; column_backdrop_filter=&#8221;none&#8221; column_shadow=&#8221;none&#8221; column_border_radius=&#8221;none&#8221; column_link_target=&#8221;_self&#8221; overflow=&#8221;visible&#8221; gradient_direction=&#8221;left_to_right&#8221; overlay_strength=&#8221;0.3&#8243; width=&#8221;1\/4&#8243; tablet_width_inherit=&#8221;default&#8221; animation_type=&#8221;default&#8221; bg_image_animation=&#8221;none&#8221; border_type=&#8221;simple&#8221; column_border_width=&#8221;none&#8221; column_border_style=&#8221;solid&#8221;][nectar_btn size=&#8221;medium&#8221; open_new_tab=&#8221;true&#8221; button_style=&#8221;regular&#8221; button_color_2=&#8221;Extra-Color-3&#8243; icon_family=&#8221;none&#8221; text=&#8221;Redes de Apoyo&#8221; url=&#8221;https:\/\/aquicontigo.uestatales.cl\/index.php\/redes-de-apoyo\/&#8221;][\/vc_column_inner][\/vc_row_inner][\/toggle][toggle color=&#8221;Default&#8221; heading_tag=&#8221;default&#8221; heading_tag_functionality=&#8221;default&#8221; title=&#8221;Otros recursos&#8221;][vc_column_text]En tu universidad puedes encontrar actividades sociales, cursos y talleres extraprogram\u00e1ticos, puedes consultar en tu <b>Direcci\u00f3n de Asuntos Estudiantiles <\/b>para conocer qu\u00e9 actividades ofrecen. Compartir tu inter\u00e9s y pasi\u00f3n con otros\/as que tienen la misma afici\u00f3n, puede ser un gran paso para conectar con otras personas y mejorar tu bienestar.[\/vc_column_text][\/toggle][toggle color=&#8221;Default&#8221; heading_tag=&#8221;default&#8221; heading_tag_functionality=&#8221;default&#8221; title=&#8221;Fuentes&#8221;][vc_column_text]Bravo, D., Err\u00e1zuriz, A., Campos, C., &amp; Fern\u00e1ndez, G. (2022). Term\u00f3metro de la Salud Mental en Chile. Sexta Ronda. ACHS-UC, Centro UC Encuestas y Estudios Longitudinales.<\/p>\n<p>Gilbert, P. (2014). Terapia centrada en la compasi\u00f3n. Editorial Descl\u00e9e de Brouwer.<\/p>\n<p>Qualter, P., Vanhalst, J., Harris, R., Van Roekel, E., Lodder, G., Bangee, M., Maes, M., &amp; Verhagen, M. (2015). Loneliness Across the Life Span. Perspectives on Psychological Science, 10(2), 250\u2013264. <a href=\"https:\/\/doi.org\/10.1177\/1745691615568999\" target=\"_blank\" rel=\"noopener\">https:\/\/doi.org\/10.1177\/1745691615568999<\/a><\/p>\n<p>N\u00facleo Milenio de Educaci\u00f3n Superior. (2022). Resultados de encuesta VOCES, 2021. Recuperado de <a href=\"https:\/\/nmedsup.cl\/voces-interactivo-2\/\">https:\/\/nmedsup.cl\/voces-interactivo-2\/<\/a><\/p>\n<p>Spithoven, A. W. M., Bijttebier, P., &amp; Goossens, L. (2017). It is all in their mind: A review on information processing bias in lonely individuals. School Psychology and Development in Context, 102, Box 3717, Tiensestraat, 3000 Leuven, Belgium. <a href=\"https:\/\/doi.org\/10.1016\/j.cpr.2017.10.003\" target=\"_blank\" rel=\"noopener\">https:\/\/doi.org\/10.1016\/j.cpr.2017.10.003<\/a><\/p>\n<p>Tagomori, H., Fardghassemi, S., &amp; Joffe, H. (2022). How young adults cope with loneliness: a study of London&#8217;s most deprived boroughs. International Journal of Adolescence and Youth, 27(1), 1-22. <a href=\"https:\/\/doi.org\/10.1080\/02673843.2021.2013263\" target=\"_blank\" rel=\"noopener\">https:\/\/doi.org\/10.1080\/02673843.2021.2013263<\/a><\/p>\n<p>Vanhalst, J., Soenens, B., Luyckx, K., Van Petegem, S., Weeks, M. S., &amp; Asher, S. R. (2015). Why do the lonely stay lonely? Chronically lonely adolescents&#8217; attributions and emotions in situations of social inclusion and exclusion. Journal of Personality and Social Psychology, 109, 932-948. <a href=\"https:\/\/doi.org\/10.1037\/pspp0000051\" target=\"_blank\" rel=\"noopener\">https:\/\/doi.org\/10.1037\/pspp0000051<\/a><\/p>\n<p><b>Web consultadas:<\/b><\/p>\n<p><a href=\"https:\/\/www.mentalhealthishealth.us\/\" target=\"_blank\" rel=\"noopener\">https:\/\/www.mentalhealthishealth.us\/<\/a>[\/vc_column_text][\/toggle][\/toggles][\/vc_column][\/vc_row]\n","protected":false},"excerpt":{"rendered":"<p>La soledad es m\u00e1s que simplemente estar solo. Es un estado mental en el que anhelamos el contacto humano. Prestar atenci\u00f3n a este sentimiento y buscar potenciales soluciones son acciones significativas para aumentar el bienestar.<\/p>\n","protected":false},"author":22,"featured_media":2614,"comment_status":"closed","ping_status":"open","sticky":false,"template":"page-sintiendo.php","format":"standard","meta":{"inline_featured_image":false,"footnotes":""},"categories":[278],"tags":[],"class_list":{"0":"post-906","1":"post","2":"type-post","3":"status-publish","4":"format-standard","5":"has-post-thumbnail","7":"category-estoy-sintiendo"},"yoast_head":"<!-- This site is optimized with the Yoast SEO plugin v27.5 - https:\/\/yoast.com\/product\/yoast-seo-wordpress\/ -->\n<title>Soledad<\/title>\n<meta name=\"description\" content=\"La soledad es m\u00e1s que simplemente estar solo\/a. Es un estado mental angustiante en el que anhelamos el contacto humano.\" \/>\n<meta name=\"robots\" content=\"index, follow, max-snippet:-1, max-image-preview:large, max-video-preview:-1\" \/>\n<link rel=\"canonical\" href=\"https:\/\/aquicontigo.uestatales.cl\/index.php\/2024\/02\/21\/soledad\/\" \/>\n<meta property=\"og:locale\" content=\"es_ES\" \/>\n<meta property=\"og:type\" content=\"article\" \/>\n<meta property=\"og:title\" content=\"Soledad\" \/>\n<meta property=\"og:description\" content=\"La soledad es m\u00e1s que simplemente estar solo\/a. Es un estado mental angustiante en el que anhelamos el contacto humano.\" \/>\n<meta property=\"og:url\" content=\"https:\/\/aquicontigo.uestatales.cl\/index.php\/2024\/02\/21\/soledad\/\" \/>\n<meta property=\"og:site_name\" content=\"Aqu\u00ed Contigo\" \/>\n<meta property=\"article:published_time\" content=\"2024-02-21T19:19:14+00:00\" \/>\n<meta property=\"article:modified_time\" content=\"2024-07-18T14:51:05+00:00\" \/>\n<meta property=\"og:image\" content=\"https:\/\/aquicontigo.uestatales.cl\/wp-content\/uploads\/2024\/02\/ilust_soledad@2x.png\" \/>\n\t<meta property=\"og:image:width\" content=\"701\" \/>\n\t<meta property=\"og:image:height\" content=\"211\" \/>\n\t<meta property=\"og:image:type\" content=\"image\/png\" \/>\n<meta name=\"author\" content=\"Alex Mu\u00f1oz Iba\u00f1ez\" \/>\n<meta name=\"twitter:card\" content=\"summary_large_image\" \/>\n<meta name=\"twitter:label1\" content=\"Escrito por\" \/>\n\t<meta name=\"twitter:data1\" content=\"Alex Mu\u00f1oz Iba\u00f1ez\" \/>\n\t<meta name=\"twitter:label2\" content=\"Tiempo de lectura\" \/>\n\t<meta name=\"twitter:data2\" content=\"7 minutos\" \/>\n<script type=\"application\/ld+json\" class=\"yoast-schema-graph\">{\"@context\":\"https:\\\/\\\/schema.org\",\"@graph\":[{\"@type\":\"Article\",\"@id\":\"https:\\\/\\\/aquicontigo.uestatales.cl\\\/index.php\\\/2024\\\/02\\\/21\\\/soledad\\\/#article\",\"isPartOf\":{\"@id\":\"https:\\\/\\\/aquicontigo.uestatales.cl\\\/index.php\\\/2024\\\/02\\\/21\\\/soledad\\\/\"},\"author\":{\"name\":\"Alex Mu\u00f1oz Iba\u00f1ez\",\"@id\":\"https:\\\/\\\/aquicontigo.uestatales.cl\\\/#\\\/schema\\\/person\\\/65514b8053eae9120b93cc6f4b5f0580\"},\"headline\":\"Soledad\",\"datePublished\":\"2024-02-21T19:19:14+00:00\",\"dateModified\":\"2024-07-18T14:51:05+00:00\",\"mainEntityOfPage\":{\"@id\":\"https:\\\/\\\/aquicontigo.uestatales.cl\\\/index.php\\\/2024\\\/02\\\/21\\\/soledad\\\/\"},\"wordCount\":2472,\"publisher\":{\"@id\":\"https:\\\/\\\/aquicontigo.uestatales.cl\\\/#organization\"},\"image\":{\"@id\":\"https:\\\/\\\/aquicontigo.uestatales.cl\\\/index.php\\\/2024\\\/02\\\/21\\\/soledad\\\/#primaryimage\"},\"thumbnailUrl\":\"https:\\\/\\\/aquicontigo.uestatales.cl\\\/wp-content\\\/uploads\\\/2024\\\/02\\\/ilust_soledad@2x.png\",\"articleSection\":[\"Estoy sintiendo\"],\"inLanguage\":\"es\"},{\"@type\":\"WebPage\",\"@id\":\"https:\\\/\\\/aquicontigo.uestatales.cl\\\/index.php\\\/2024\\\/02\\\/21\\\/soledad\\\/\",\"url\":\"https:\\\/\\\/aquicontigo.uestatales.cl\\\/index.php\\\/2024\\\/02\\\/21\\\/soledad\\\/\",\"name\":\"Soledad\",\"isPartOf\":{\"@id\":\"https:\\\/\\\/aquicontigo.uestatales.cl\\\/#website\"},\"primaryImageOfPage\":{\"@id\":\"https:\\\/\\\/aquicontigo.uestatales.cl\\\/index.php\\\/2024\\\/02\\\/21\\\/soledad\\\/#primaryimage\"},\"image\":{\"@id\":\"https:\\\/\\\/aquicontigo.uestatales.cl\\\/index.php\\\/2024\\\/02\\\/21\\\/soledad\\\/#primaryimage\"},\"thumbnailUrl\":\"https:\\\/\\\/aquicontigo.uestatales.cl\\\/wp-content\\\/uploads\\\/2024\\\/02\\\/ilust_soledad@2x.png\",\"datePublished\":\"2024-02-21T19:19:14+00:00\",\"dateModified\":\"2024-07-18T14:51:05+00:00\",\"description\":\"La soledad es m\u00e1s que simplemente estar solo\\\/a. Es un estado mental angustiante en el que anhelamos el contacto humano.\",\"breadcrumb\":{\"@id\":\"https:\\\/\\\/aquicontigo.uestatales.cl\\\/index.php\\\/2024\\\/02\\\/21\\\/soledad\\\/#breadcrumb\"},\"inLanguage\":\"es\",\"potentialAction\":[{\"@type\":\"ReadAction\",\"target\":[\"https:\\\/\\\/aquicontigo.uestatales.cl\\\/index.php\\\/2024\\\/02\\\/21\\\/soledad\\\/\"]}]},{\"@type\":\"ImageObject\",\"inLanguage\":\"es\",\"@id\":\"https:\\\/\\\/aquicontigo.uestatales.cl\\\/index.php\\\/2024\\\/02\\\/21\\\/soledad\\\/#primaryimage\",\"url\":\"https:\\\/\\\/aquicontigo.uestatales.cl\\\/wp-content\\\/uploads\\\/2024\\\/02\\\/ilust_soledad@2x.png\",\"contentUrl\":\"https:\\\/\\\/aquicontigo.uestatales.cl\\\/wp-content\\\/uploads\\\/2024\\\/02\\\/ilust_soledad@2x.png\",\"width\":701,\"height\":211},{\"@type\":\"BreadcrumbList\",\"@id\":\"https:\\\/\\\/aquicontigo.uestatales.cl\\\/index.php\\\/2024\\\/02\\\/21\\\/soledad\\\/#breadcrumb\",\"itemListElement\":[{\"@type\":\"ListItem\",\"position\":1,\"name\":\"Portada\",\"item\":\"https:\\\/\\\/aquicontigo.uestatales.cl\\\/\"},{\"@type\":\"ListItem\",\"position\":2,\"name\":\"Soledad\"}]},{\"@type\":\"WebSite\",\"@id\":\"https:\\\/\\\/aquicontigo.uestatales.cl\\\/#website\",\"url\":\"https:\\\/\\\/aquicontigo.uestatales.cl\\\/\",\"name\":\"Aqu\u00ed Contigo\",\"description\":\"Portal de prevenci\u00f3n y promoci\u00f3n de  salud mental, dirigida a estudiantes universitarios\\\/as\",\"publisher\":{\"@id\":\"https:\\\/\\\/aquicontigo.uestatales.cl\\\/#organization\"},\"potentialAction\":[{\"@type\":\"SearchAction\",\"target\":{\"@type\":\"EntryPoint\",\"urlTemplate\":\"https:\\\/\\\/aquicontigo.uestatales.cl\\\/?s={search_term_string}\"},\"query-input\":{\"@type\":\"PropertyValueSpecification\",\"valueRequired\":true,\"valueName\":\"search_term_string\"}}],\"inLanguage\":\"es\"},{\"@type\":\"Organization\",\"@id\":\"https:\\\/\\\/aquicontigo.uestatales.cl\\\/#organization\",\"name\":\"Red de Salud Digital de Universidades del Estado\",\"alternateName\":\"RSDUE\",\"url\":\"https:\\\/\\\/aquicontigo.uestatales.cl\\\/\",\"logo\":{\"@type\":\"ImageObject\",\"inLanguage\":\"es\",\"@id\":\"https:\\\/\\\/aquicontigo.uestatales.cl\\\/#\\\/schema\\\/logo\\\/image\\\/\",\"url\":\"https:\\\/\\\/aquicontigo.uestatales.cl\\\/wp-content\\\/uploads\\\/2023\\\/11\\\/logo_rsdue_color.png\",\"contentUrl\":\"https:\\\/\\\/aquicontigo.uestatales.cl\\\/wp-content\\\/uploads\\\/2023\\\/11\\\/logo_rsdue_color.png\",\"width\":1475,\"height\":494,\"caption\":\"Red de Salud Digital de Universidades del Estado\"},\"image\":{\"@id\":\"https:\\\/\\\/aquicontigo.uestatales.cl\\\/#\\\/schema\\\/logo\\\/image\\\/\"}},{\"@type\":\"Person\",\"@id\":\"https:\\\/\\\/aquicontigo.uestatales.cl\\\/#\\\/schema\\\/person\\\/65514b8053eae9120b93cc6f4b5f0580\",\"name\":\"Alex Mu\u00f1oz Iba\u00f1ez\",\"image\":{\"@type\":\"ImageObject\",\"inLanguage\":\"es\",\"@id\":\"https:\\\/\\\/secure.gravatar.com\\\/avatar\\\/6478615c34c4d6e3ef731179670c9365b37cc7f69199ad5788b86b32dea7d13c?s=96&d=mm&r=g\",\"url\":\"https:\\\/\\\/secure.gravatar.com\\\/avatar\\\/6478615c34c4d6e3ef731179670c9365b37cc7f69199ad5788b86b32dea7d13c?s=96&d=mm&r=g\",\"contentUrl\":\"https:\\\/\\\/secure.gravatar.com\\\/avatar\\\/6478615c34c4d6e3ef731179670c9365b37cc7f69199ad5788b86b32dea7d13c?s=96&d=mm&r=g\",\"caption\":\"Alex Mu\u00f1oz Iba\u00f1ez\"}}]}<\/script>\n<!-- \/ Yoast SEO plugin. -->","yoast_head_json":{"title":"Soledad","description":"La soledad es m\u00e1s que simplemente estar solo\/a. Es un estado mental angustiante en el que anhelamos el contacto humano.","robots":{"index":"index","follow":"follow","max-snippet":"max-snippet:-1","max-image-preview":"max-image-preview:large","max-video-preview":"max-video-preview:-1"},"canonical":"https:\/\/aquicontigo.uestatales.cl\/index.php\/2024\/02\/21\/soledad\/","og_locale":"es_ES","og_type":"article","og_title":"Soledad","og_description":"La soledad es m\u00e1s que simplemente estar solo\/a. Es un estado mental angustiante en el que anhelamos el contacto humano.","og_url":"https:\/\/aquicontigo.uestatales.cl\/index.php\/2024\/02\/21\/soledad\/","og_site_name":"Aqu\u00ed Contigo","article_published_time":"2024-02-21T19:19:14+00:00","article_modified_time":"2024-07-18T14:51:05+00:00","og_image":[{"width":701,"height":211,"url":"https:\/\/aquicontigo.uestatales.cl\/wp-content\/uploads\/2024\/02\/ilust_soledad@2x.png","type":"image\/png"}],"author":"Alex Mu\u00f1oz Iba\u00f1ez","twitter_card":"summary_large_image","twitter_misc":{"Escrito por":"Alex Mu\u00f1oz Iba\u00f1ez","Tiempo de lectura":"7 minutos"},"schema":{"@context":"https:\/\/schema.org","@graph":[{"@type":"Article","@id":"https:\/\/aquicontigo.uestatales.cl\/index.php\/2024\/02\/21\/soledad\/#article","isPartOf":{"@id":"https:\/\/aquicontigo.uestatales.cl\/index.php\/2024\/02\/21\/soledad\/"},"author":{"name":"Alex Mu\u00f1oz Iba\u00f1ez","@id":"https:\/\/aquicontigo.uestatales.cl\/#\/schema\/person\/65514b8053eae9120b93cc6f4b5f0580"},"headline":"Soledad","datePublished":"2024-02-21T19:19:14+00:00","dateModified":"2024-07-18T14:51:05+00:00","mainEntityOfPage":{"@id":"https:\/\/aquicontigo.uestatales.cl\/index.php\/2024\/02\/21\/soledad\/"},"wordCount":2472,"publisher":{"@id":"https:\/\/aquicontigo.uestatales.cl\/#organization"},"image":{"@id":"https:\/\/aquicontigo.uestatales.cl\/index.php\/2024\/02\/21\/soledad\/#primaryimage"},"thumbnailUrl":"https:\/\/aquicontigo.uestatales.cl\/wp-content\/uploads\/2024\/02\/ilust_soledad@2x.png","articleSection":["Estoy sintiendo"],"inLanguage":"es"},{"@type":"WebPage","@id":"https:\/\/aquicontigo.uestatales.cl\/index.php\/2024\/02\/21\/soledad\/","url":"https:\/\/aquicontigo.uestatales.cl\/index.php\/2024\/02\/21\/soledad\/","name":"Soledad","isPartOf":{"@id":"https:\/\/aquicontigo.uestatales.cl\/#website"},"primaryImageOfPage":{"@id":"https:\/\/aquicontigo.uestatales.cl\/index.php\/2024\/02\/21\/soledad\/#primaryimage"},"image":{"@id":"https:\/\/aquicontigo.uestatales.cl\/index.php\/2024\/02\/21\/soledad\/#primaryimage"},"thumbnailUrl":"https:\/\/aquicontigo.uestatales.cl\/wp-content\/uploads\/2024\/02\/ilust_soledad@2x.png","datePublished":"2024-02-21T19:19:14+00:00","dateModified":"2024-07-18T14:51:05+00:00","description":"La soledad es m\u00e1s que simplemente estar solo\/a. Es un estado mental angustiante en el que anhelamos el contacto humano.","breadcrumb":{"@id":"https:\/\/aquicontigo.uestatales.cl\/index.php\/2024\/02\/21\/soledad\/#breadcrumb"},"inLanguage":"es","potentialAction":[{"@type":"ReadAction","target":["https:\/\/aquicontigo.uestatales.cl\/index.php\/2024\/02\/21\/soledad\/"]}]},{"@type":"ImageObject","inLanguage":"es","@id":"https:\/\/aquicontigo.uestatales.cl\/index.php\/2024\/02\/21\/soledad\/#primaryimage","url":"https:\/\/aquicontigo.uestatales.cl\/wp-content\/uploads\/2024\/02\/ilust_soledad@2x.png","contentUrl":"https:\/\/aquicontigo.uestatales.cl\/wp-content\/uploads\/2024\/02\/ilust_soledad@2x.png","width":701,"height":211},{"@type":"BreadcrumbList","@id":"https:\/\/aquicontigo.uestatales.cl\/index.php\/2024\/02\/21\/soledad\/#breadcrumb","itemListElement":[{"@type":"ListItem","position":1,"name":"Portada","item":"https:\/\/aquicontigo.uestatales.cl\/"},{"@type":"ListItem","position":2,"name":"Soledad"}]},{"@type":"WebSite","@id":"https:\/\/aquicontigo.uestatales.cl\/#website","url":"https:\/\/aquicontigo.uestatales.cl\/","name":"Aqu\u00ed Contigo","description":"Portal de prevenci\u00f3n y promoci\u00f3n de  salud mental, dirigida a estudiantes universitarios\/as","publisher":{"@id":"https:\/\/aquicontigo.uestatales.cl\/#organization"},"potentialAction":[{"@type":"SearchAction","target":{"@type":"EntryPoint","urlTemplate":"https:\/\/aquicontigo.uestatales.cl\/?s={search_term_string}"},"query-input":{"@type":"PropertyValueSpecification","valueRequired":true,"valueName":"search_term_string"}}],"inLanguage":"es"},{"@type":"Organization","@id":"https:\/\/aquicontigo.uestatales.cl\/#organization","name":"Red de Salud Digital de Universidades del Estado","alternateName":"RSDUE","url":"https:\/\/aquicontigo.uestatales.cl\/","logo":{"@type":"ImageObject","inLanguage":"es","@id":"https:\/\/aquicontigo.uestatales.cl\/#\/schema\/logo\/image\/","url":"https:\/\/aquicontigo.uestatales.cl\/wp-content\/uploads\/2023\/11\/logo_rsdue_color.png","contentUrl":"https:\/\/aquicontigo.uestatales.cl\/wp-content\/uploads\/2023\/11\/logo_rsdue_color.png","width":1475,"height":494,"caption":"Red de Salud Digital de Universidades del Estado"},"image":{"@id":"https:\/\/aquicontigo.uestatales.cl\/#\/schema\/logo\/image\/"}},{"@type":"Person","@id":"https:\/\/aquicontigo.uestatales.cl\/#\/schema\/person\/65514b8053eae9120b93cc6f4b5f0580","name":"Alex Mu\u00f1oz Iba\u00f1ez","image":{"@type":"ImageObject","inLanguage":"es","@id":"https:\/\/secure.gravatar.com\/avatar\/6478615c34c4d6e3ef731179670c9365b37cc7f69199ad5788b86b32dea7d13c?s=96&d=mm&r=g","url":"https:\/\/secure.gravatar.com\/avatar\/6478615c34c4d6e3ef731179670c9365b37cc7f69199ad5788b86b32dea7d13c?s=96&d=mm&r=g","contentUrl":"https:\/\/secure.gravatar.com\/avatar\/6478615c34c4d6e3ef731179670c9365b37cc7f69199ad5788b86b32dea7d13c?s=96&d=mm&r=g","caption":"Alex Mu\u00f1oz Iba\u00f1ez"}}]}},"_links":{"self":[{"href":"https:\/\/aquicontigo.uestatales.cl\/index.php\/wp-json\/wp\/v2\/posts\/906","targetHints":{"allow":["GET"]}}],"collection":[{"href":"https:\/\/aquicontigo.uestatales.cl\/index.php\/wp-json\/wp\/v2\/posts"}],"about":[{"href":"https:\/\/aquicontigo.uestatales.cl\/index.php\/wp-json\/wp\/v2\/types\/post"}],"author":[{"embeddable":true,"href":"https:\/\/aquicontigo.uestatales.cl\/index.php\/wp-json\/wp\/v2\/users\/22"}],"replies":[{"embeddable":true,"href":"https:\/\/aquicontigo.uestatales.cl\/index.php\/wp-json\/wp\/v2\/comments?post=906"}],"version-history":[{"count":29,"href":"https:\/\/aquicontigo.uestatales.cl\/index.php\/wp-json\/wp\/v2\/posts\/906\/revisions"}],"predecessor-version":[{"id":2571,"href":"https:\/\/aquicontigo.uestatales.cl\/index.php\/wp-json\/wp\/v2\/posts\/906\/revisions\/2571"}],"wp:featuredmedia":[{"embeddable":true,"href":"https:\/\/aquicontigo.uestatales.cl\/index.php\/wp-json\/wp\/v2\/media\/2614"}],"wp:attachment":[{"href":"https:\/\/aquicontigo.uestatales.cl\/index.php\/wp-json\/wp\/v2\/media?parent=906"}],"wp:term":[{"taxonomy":"category","embeddable":true,"href":"https:\/\/aquicontigo.uestatales.cl\/index.php\/wp-json\/wp\/v2\/categories?post=906"},{"taxonomy":"post_tag","embeddable":true,"href":"https:\/\/aquicontigo.uestatales.cl\/index.php\/wp-json\/wp\/v2\/tags?post=906"}],"curies":[{"name":"wp","href":"https:\/\/api.w.org\/{rel}","templated":true}]}}