{"id":864,"date":"2024-02-21T12:32:52","date_gmt":"2024-02-21T12:32:52","guid":{"rendered":"https:\/\/devrsduemental.iie.cl\/?p=864"},"modified":"2025-01-29T07:34:10","modified_gmt":"2025-01-29T11:34:10","slug":"depresion","status":"publish","type":"post","link":"https:\/\/aquicontigo.uestatales.cl\/index.php\/2024\/02\/21\/depresion\/","title":{"rendered":"\u00bfQu\u00e9 es la depresi\u00f3n?"},"content":{"rendered":"[vc_row type=&#8221;full_width_content&#8221; full_screen_row_position=&#8221;middle&#8221; column_margin=&#8221;30px&#8221; column_direction=&#8221;default&#8221; column_direction_tablet=&#8221;default&#8221; column_direction_phone=&#8221;column_reverse&#8221; scene_position=&#8221;center&#8221; top_padding=&#8221;8%&#8221; bottom_padding=&#8221;8%&#8221; left_padding_desktop=&#8221;5%&#8221; constrain_group_2=&#8221;yes&#8221; right_padding_desktop=&#8221;5%&#8221; constrain_group_6=&#8221;yes&#8221; text_color=&#8221;dark&#8221; text_align=&#8221;left&#8221; row_border_radius=&#8221;none&#8221; row_border_radius_applies=&#8221;bg&#8221; overflow=&#8221;visible&#8221; id=&#8221;big-content-toggles&#8221; advanced_gradient_angle=&#8221;0&#8243; overlay_strength=&#8221;0.3&#8243; gradient_direction=&#8221;left_to_right&#8221; shape_divider_position=&#8221;bottom&#8221; bg_image_animation=&#8221;none&#8221; gradient_type=&#8221;default&#8221; shape_type=&#8221;&#8221;][vc_column left_padding_tablet=&#8221;0&#8243; right_padding_tablet=&#8221;0&#8243; column_element_direction_desktop=&#8221;default&#8221; column_element_spacing=&#8221;default&#8221; desktop_text_alignment=&#8221;default&#8221; tablet_text_alignment=&#8221;default&#8221; phone_text_alignment=&#8221;default&#8221; sticky_content=&#8221;true&#8221; sticky_content_functionality=&#8221;css&#8221; sticky_content_alignment=&#8221;middle&#8221; background_color_opacity=&#8221;1&#8243; background_hover_color_opacity=&#8221;1&#8243; column_backdrop_filter=&#8221;none&#8221; column_shadow=&#8221;none&#8221; column_border_radius=&#8221;none&#8221; column_link_target=&#8221;_self&#8221; column_position=&#8221;default&#8221; el_class=&#8221;links-container&#8221; gradient_direction=&#8221;left_to_right&#8221; overlay_strength=&#8221;0.3&#8243; width=&#8221;1\/4&#8243; tablet_width_inherit=&#8221;default&#8221; animation_type=&#8221;default&#8221; bg_image_animation=&#8221;none&#8221; border_type=&#8221;simple&#8221; column_border_width=&#8221;none&#8221; column_border_style=&#8221;solid&#8221; column_padding_type=&#8221;advanced&#8221; gradient_type=&#8221;default&#8221;][vc_column_text]\n<h5>Enlaces en este post<\/h5>\n[\/vc_column_text][vc_column_text]<a href=\"https:\/\/aquicontigo.uestatales.cl\/index.php\/redes-de-apoyo\/ \" target=\"_blank\" rel=\"noopener\">Alternativas de apoyo a la depresi\u00f3n<\/a>[\/vc_column_text][vc_column_text]<a href=\"https:\/\/aquicontigo.uestatales.cl\/index.php\/2024\/02\/19\/trastorno-bipolar\/\" target=\"_blank\" rel=\"noopener\">Trastorno Bipolar<\/a>[\/vc_column_text][vc_column_text]<a href=\"https:\/\/aquicontigo.uestatales.cl\/index.php\/2024\/02\/21\/psicofarmacologia-clinica\/\" target=\"_blank\" rel=\"noopener\">Psicofarmacolog\u00eda Cl\u00ednica<\/a>[\/vc_column_text][vc_column_text]<a href=\"https:\/\/aquicontigo.uestatales.cl\/index.php\/que-es-la-psicoterapia\/\" target=\"_blank\" rel=\"noopener\">Psicoterapia<\/a>[\/vc_column_text][vc_column_text]<a href=\"https:\/\/aquicontigo.uestatales.cl\/index.php\/category\/estrategias-para-cuidar-la-salud-mental\/\" target=\"_blank\" rel=\"noopener\">Estrategias para cuidar la salud mental<\/a>[\/vc_column_text][vc_column_text]\n<h5>Documentos en este post<\/h5>\n[\/vc_column_text]<div class=\"iwithtext\"><div class=\"iwt-icon\"> <img decoding=\"async\" src=\"https:\/\/aquicontigo.uestatales.cl\/wp-content\/uploads\/2024\/02\/Artboard-14.svg\" alt=\"\" \/> <\/div><div class=\"iwt-text\"> <a href=\"https:\/\/www.supersalud.gob.cl\/difusion\/665\/articles-18823_archivo_fuente.pdf\" target=\"_blank\" rel=\"noopener\">Depresi\u00f3n en personas mayores de 15 a\u00f1os<\/a> <\/div><div class=\"clear\"><\/div><\/div>[vc_column_text]\n<h5>Videos en este post<\/h5>\n[\/vc_column_text]<div class=\"iwithtext\"><div class=\"iwt-icon\"> <img decoding=\"async\" src=\"https:\/\/aquicontigo.uestatales.cl\/wp-content\/uploads\/2024\/02\/Artboard-15.svg\" alt=\"\" \/> <\/div><div class=\"iwt-text\"> Hablemos de depresi\u00f3n <\/div><div class=\"clear\"><\/div><\/div>[vc_video link=&#8221;https:\/\/youtu.be\/RS7phhORh5I&#8221;]<div class=\"iwithtext\"><div class=\"iwt-icon\"> <img decoding=\"async\" src=\"https:\/\/aquicontigo.uestatales.cl\/wp-content\/uploads\/2024\/02\/Artboard-15.svg\" alt=\"\" \/> <\/div><div class=\"iwt-text\"> Qu\u00e9 es la depresi\u00f3n <\/div><div class=\"clear\"><\/div><\/div>[nectar_video_player_self_hosted video_mp4=&#8221;https:\/\/aquicontigo.uestatales.cl\/wp-content\/uploads\/2024\/02\/\u00bfQue-es-la-depresion.mp4&#8243; video_image=&#8221;2164&#8243; player_functionality=&#8221;default&#8221; border_radius=&#8221;none&#8221; box_shadow=&#8221;none&#8221; advanced_gradient_display_type=&#8221;linear&#8221;][\/vc_column][vc_column column_padding=&#8221;no-extra-padding&#8221; column_padding_tablet=&#8221;inherit&#8221; column_padding_phone=&#8221;inherit&#8221; column_padding_position=&#8221;all&#8221; top_margin=&#8221;-7.5%&#8221; top_margin_tablet=&#8221;-10%&#8221; column_element_direction_desktop=&#8221;default&#8221; column_element_spacing=&#8221;0px&#8221; desktop_text_alignment=&#8221;default&#8221; tablet_text_alignment=&#8221;default&#8221; phone_text_alignment=&#8221;default&#8221; background_color_opacity=&#8221;1&#8243; background_hover_color_opacity=&#8221;1&#8243; column_backdrop_filter=&#8221;none&#8221; column_shadow=&#8221;none&#8221; column_border_radius=&#8221;none&#8221; column_link_target=&#8221;_self&#8221; column_position=&#8221;default&#8221; advanced_gradient_angle=&#8221;0&#8243; gradient_direction=&#8221;left_to_right&#8221; overlay_strength=&#8221;0.3&#8243; width=&#8221;3\/4&#8243; tablet_width_inherit=&#8221;default&#8221; animation_type=&#8221;default&#8221; bg_image_animation=&#8221;none&#8221; border_type=&#8221;simple&#8221; column_border_width=&#8221;none&#8221; column_border_style=&#8221;solid&#8221; gradient_type=&#8221;default&#8221; column_padding_type=&#8221;default&#8221;][vc_row_inner column_margin=&#8221;default&#8221; column_direction=&#8221;default&#8221; column_direction_tablet=&#8221;default&#8221; column_direction_phone=&#8221;default&#8221; text_align=&#8221;left&#8221; row_position=&#8221;default&#8221; row_position_tablet=&#8221;inherit&#8221; row_position_phone=&#8221;inherit&#8221; overflow=&#8221;visible&#8221; pointer_events=&#8221;all&#8221;][vc_column_inner column_padding=&#8221;no-extra-padding&#8221; column_padding_tablet=&#8221;inherit&#8221; column_padding_phone=&#8221;inherit&#8221; column_padding_position=&#8221;all&#8221; column_element_direction_desktop=&#8221;default&#8221; column_element_spacing=&#8221;default&#8221; desktop_text_alignment=&#8221;default&#8221; tablet_text_alignment=&#8221;default&#8221; phone_text_alignment=&#8221;default&#8221; background_color_opacity=&#8221;1&#8243; background_hover_color_opacity=&#8221;1&#8243; column_backdrop_filter=&#8221;none&#8221; column_shadow=&#8221;none&#8221; column_border_radius=&#8221;none&#8221; column_link_target=&#8221;_self&#8221; overflow=&#8221;visible&#8221; gradient_direction=&#8221;left_to_right&#8221; overlay_strength=&#8221;0.3&#8243; width=&#8221;1\/1&#8243; tablet_width_inherit=&#8221;default&#8221; animation_type=&#8221;default&#8221; bg_image_animation=&#8221;none&#8221; border_type=&#8221;simple&#8221; column_border_width=&#8221;none&#8221; column_border_style=&#8221;solid&#8221;][vc_custom_heading text=&#8221;Autores\/as&#8221; font_container=&#8221;tag:h4|text_align:left&#8221; google_fonts=&#8221;font_family:Roboto%3A100%2C100italic%2C300%2C300italic%2Cregular%2Citalic%2C500%2C500italic%2C700%2C700italic%2C900%2C900italic|font_style:400%20regular%3A400%3Anormal&#8221;][vc_column_text]\n<p style=\"text-align: left; font-size: 14px;\">Equipo RSDUE<\/p>\n[\/vc_column_text][\/vc_column_inner][\/vc_row_inner][divider line_type=&#8221;Full Width Line&#8221; line_thickness=&#8221;3&#8243; divider_color=&#8221;default&#8221;][split_line_heading animation_type=&#8221;line-reveal-by-space&#8221; font_style=&#8221;h1&#8243; text_color=&#8221;#000000&#8243; line_reveal_by_space_text_effect=&#8221;default&#8221; content_alignment=&#8221;default&#8221; mobile_content_alignment=&#8221;inherit&#8221; link_target=&#8221;_self&#8221; text_content=&#8221;\u00bfQu\u00e9 es la depresi\u00f3n?&#8221;][\/split_line_heading][divider line_type=&#8221;No Line&#8221; custom_height=&#8221;30px&#8221; custom_height_tablet=&#8221;30px&#8221; custom_height_phone=&#8221;30px&#8221;][vc_column_text]Es esperable sentirse triste, agotado\/a o con mucha rabia de vez en cuando, por ejemplo, cuando has tenido un mal d\u00eda o sientes que nada resulta como esperabas. En la universidad y en tu vida personal constantemente hay desaf\u00edos y cambios, que algunas veces pueden parecer gigantes y provocar estos sentimientos los que generalmente suelen desaparecer en poco tiempo.<\/p>\n<p>La <b>depresi\u00f3n<\/b>, tambi\u00e9n conocida como &#8220;depresi\u00f3n cl\u00ednica&#8221; o &#8220;trastorno depresivo mayor&#8221;, <b>es m\u00e1s persistente<\/b> <b>y puede afectar profundamente tu forma de sentir, pensar y llevar a cabo actividades diarias como estudiar, dormir, comer y socializar.<\/b><\/p>\n<p>La depresi\u00f3n no discrimina, puede afectar a cualquier persona, independientemente de la edad, los ingresos, la cultura o el nivel educativo. Se ha observado que diversos factores, como los gen\u00e9ticos, biol\u00f3gicos, ambientales y psicol\u00f3gicos, contribuyen al desarrollo de la depresi\u00f3n.<\/p>\n<p><b>Su diagn\u00f3stico y tratamiento requiere de una evaluaci\u00f3n realizada por un profesional formado en salud mental. \u00bfQuieres ver alternativas de apoyo? haz clic en este <\/b><b><a href=\"https:\/\/aquicontigo.uestatales.cl\/index.php\/redes-de-apoyo\/\">enlace<\/a>.<\/b>[\/vc_column_text][toggles style=&#8221;minimal&#8221;][toggle color=&#8221;Default&#8221; heading_tag=&#8221;default&#8221; heading_tag_functionality=&#8221;default&#8221; title=&#8221;\u00bfHay diferentes tipos de depresi\u00f3n?&#8221;][vc_column_text]Los dos de los tipos m\u00e1s frecuentes de depresi\u00f3n son:<\/p>\n<ul>\n<li><b>Depresi\u00f3n mayor<\/b>, que implica s\u00edntomas de depresi\u00f3n la mayor\u00eda del tiempo durante por lo<b> menos dos semanas<\/b>. Estos s\u00edntomas interfieren con la capacidad para trabajar, dormir, estudiar y comer.<\/li>\n<li><b>Trastorno depresivo persistente (distimia)<\/b>, que a menudo incluye s\u00edntomas de depresi\u00f3n menos graves que <b>duran mucho m\u00e1s tiempo, generalmente por lo menos durante 2 a\u00f1os.<\/b><\/li>\n<\/ul>\n<p>Las personas con un diagn\u00f3stico de <em>trastorno bipolar<\/em> (anteriormente llamado depresi\u00f3n man\u00edaca o enfermedad man\u00edaco depresiva) tambi\u00e9n sufren de depresi\u00f3n. Para obtener m\u00e1s informaci\u00f3n sobre este trastorno del estado de \u00e1nimo puedes visitar este enlace: <b><a href=\"https:\/\/aquicontigo.uestatales.cl\/index.php\/2024\/02\/19\/trastorno-bipolar\/\">Trastorno bipolar<\/a>.<\/b>[\/vc_column_text][\/toggle][toggle color=&#8221;Default&#8221; heading_tag=&#8221;default&#8221; heading_tag_functionality=&#8221;default&#8221; title=&#8221;\u00bfCu\u00e1les son los s\u00edntomas?&#8221;][vc_column_text]Los s\u00edntomas frecuentes de la depresi\u00f3n son los siguientes:<\/p>\n<ul>\n<li>Sentimientos persistentes de tristeza, ansiedad o \u201cvac\u00edo\u201d.<\/li>\n<li>Sentimientos de desesperanza o pesimismo.<\/li>\n<li>Sentimientos de irritabilidad, frustraci\u00f3n o intranquilidad.<\/li>\n<li>Sentimientos de culpabilidad, inutilidad o impotencia.<\/li>\n<li>P\u00e9rdida de inter\u00e9s o placer en las actividades y los pasatiempos.<\/li>\n<li>Fatiga, disminuci\u00f3n de energ\u00eda o sensaci\u00f3n de que est\u00e1 m\u00e1s lento.<\/li>\n<li>Dificultad para concentrarse, recordar o tomar decisiones.<\/li>\n<li>Dificultad para dormir, despertarse temprano en la ma\u00f1ana o dormir demasiado.<\/li>\n<li>Cambios en el apetito o en el peso sin haberlos planificado.<\/li>\n<li>Dolores y molestias, dolor de cabeza, calambres o problemas digestivos sin una causa f\u00edsica aparente, o que no se alivian ni con tratamiento.<\/li>\n<li>Intentos de suicidio o pensamientos sobre la muerte o el suicidio.<\/li>\n<\/ul>\n<table>\n<tbody>\n<tr>\n<td><span style=\"color: #4472c4;\"><b>Si t\u00fa o alguien que conoces se encuentra en peligro inmediato o est\u00e1 pensando en hacerse <\/b><b>da\u00f1o, puedes comunicarte con la l\u00ednea de prevenci\u00f3n del suicidio del Minsal al *4141 o asistir al servicio de urgencia m\u00e1s cercano.\u00a0<\/b><\/span><\/td>\n<\/tr>\n<\/tbody>\n<\/table>\n[\/vc_column_text][\/toggle][toggle color=&#8221;Default&#8221; heading_tag=&#8221;default&#8221; heading_tag_functionality=&#8221;default&#8221; title=&#8221;\u00bfC\u00f3mo se trata la depresi\u00f3n?&#8221;][vc_column_text]En general, el tratamiento suele incluir opciones como <b>medicamentos, sesiones de psicoterapia o una combinaci\u00f3n de ambos<\/b>. En casos m\u00e1s leves, es posible comenzar con psicoterapia y evaluar la necesidad de medicamentos si los s\u00edntomas persisten. En situaciones de depresi\u00f3n moderada o grave, muchos profesionales de salud mental sugieren la combinaci\u00f3n de medicamentos y terapia desde el inicio del tratamiento.<\/p>\n<p>Es crucial personalizar el plan de tratamiento seg\u00fan tus necesidades y contexto, siempre bajo la supervisi\u00f3n de un profesional de la salud. A veces, puede ser necesario probar diferentes enfoques para encontrar la combinaci\u00f3n \u00f3ptima que funcione para cada persona. Puedes aprender m\u00e1s acerca de los tratamientos en los contenidos <a href=\"https:\/\/aquicontigo.uestatales.cl\/index.php\/2024\/02\/21\/psicofarmacologia-clinica\/\"><b>farmacolog\u00eda<\/b><\/a>\u00a0y <b><a href=\"https:\/\/aquicontigo.uestatales.cl\/index.php\/que-es-la-psicoterapia\/\">psicoterapia<\/a>.<\/b>[\/vc_column_text][\/toggle][toggle color=&#8221;Default&#8221; heading_tag=&#8221;default&#8221; heading_tag_functionality=&#8221;default&#8221; title=&#8221;Prevenci\u00f3n y cuidado&#8221;][vc_column_text]<b>Estos h\u00e1bitos saludables, combinados con el apoyo profesional, pueden ser clave para tu bienestar y ayudarte a prevenir o superar la depresi\u00f3n. Si est\u00e1s en tratamiento, sigue la gu\u00eda de tu terapeuta y considera estas sugerencias como complementarias:<\/b><\/p>\n<ul>\n<li>Intenta incorporar alguna actividad f\u00edsica. Incluso 30 minutos de caminata diaria pueden tener un impacto positivo en tu estado de \u00e1nimo.<\/li>\n<li>Establece un horario regular para dormir y despertar.<\/li>\n<li>Mant\u00e9n una alimentaci\u00f3n balanceada y regular.<\/li>\n<li>Prioriza tareas y decide qu\u00e9 es esencial y qu\u00e9 puede esperar.<\/li>\n<li>Procura interactuar con otras personas y compartir tus sentimientos con aquellos en quienes conf\u00edas.<\/li>\n<li>Posterga decisiones importantes hasta que te sientas m\u00e1s equilibrado\/a.<\/li>\n<li>Evita el consumo de alcohol, tabaco y drogas, incluyendo medicamentos no recetados.<\/li>\n<\/ul>\n<p><b>Estos son pasos significativos que puedes dar para cuidar tu bienestar emocional mientras navegas por la experiencia universitaria.\u00a0<\/b><\/p>\n<p><b>Recuerda, es un viaje, y est\u00e1s haciendo lo mejor que puedes.<\/b>[\/vc_column_text][\/toggle][toggle color=&#8221;Default&#8221; heading_tag=&#8221;default&#8221; heading_tag_functionality=&#8221;default&#8221; title=&#8221;\u00bfCu\u00e1ndo consultar con un profesional?&#8221;][vc_column_text]Los trastornos de salud mental presentan una excelente respuesta cuando son abordados a tiempo y por los equipos profesionales adecuados. Te sugerimos que, si te sientes identificado\/a con los s\u00edntomas mencionados en esta publicaci\u00f3n, consultes con un profesional de la salud.<\/p>\n<p>Recuerda que en tu universidad puedes recibir apoyo y orientaci\u00f3n para acceder a un tratamiento. Puedes ver los recursos de apoyo <a href=\"https:\/\/aquicontigo.uestatales.cl\/index.php\/redes-de-apoyo\/\">aqu\u00ed<\/a>.<\/p>\n<p>Tambi\u00e9n es importante que sepas que la depresi\u00f3n en personas de 15 a\u00f1os o m\u00e1s es parte de las garant\u00edas explicitas de salud (GES) y si tienes este diagn\u00f3stico, puedes acceder a garant\u00edas en tus prestaciones de salud. Puedes ver m\u00e1s informaci\u00f3n en este enlace: <a href=\"https:\/\/www.supersalud.gob.cl\/difusion\/665\/articles-18823_archivo_fuente.pdf\" target=\"_blank\" rel=\"noopener\">depresi\u00f3n en personas de 15 a\u00f1os y m\u00e1s<\/a><\/p>\n<p>Si no est\u00e1s preparado\/a para hablar con alguien, puedes recurrir a los recursos disponibles en <b>\u201c<a href=\"https:\/\/aquicontigo.uestatales.cl\/index.php\/category\/estrategias-para-cuidar-la-salud-mental\/\">cuidar de mi salud mental<\/a>\u201d.<\/b>\u00a0<b>Recuerda que estos recursos no sustituyen el apoyo profesional, buscar ayuda a tiempo puede ayudarte a tener una mejor calidad de vida y a recuperar un equilibrio en tu vida.<\/b>[\/vc_column_text][\/toggle][toggle color=&#8221;Default&#8221; heading_tag=&#8221;default&#8221; heading_tag_functionality=&#8221;default&#8221; title=&#8221;Quiero saber m\u00e1s&#8221;][vc_row_inner column_margin=&#8221;default&#8221; column_direction=&#8221;default&#8221; column_direction_tablet=&#8221;default&#8221; column_direction_phone=&#8221;default&#8221; text_align=&#8221;left&#8221; row_position=&#8221;default&#8221; row_position_tablet=&#8221;inherit&#8221; row_position_phone=&#8221;inherit&#8221; overflow=&#8221;visible&#8221; pointer_events=&#8221;all&#8221;][vc_column_inner column_padding=&#8221;no-extra-padding&#8221; column_padding_tablet=&#8221;inherit&#8221; column_padding_phone=&#8221;inherit&#8221; column_padding_position=&#8221;all&#8221; column_element_direction_desktop=&#8221;default&#8221; column_element_spacing=&#8221;default&#8221; desktop_text_alignment=&#8221;default&#8221; tablet_text_alignment=&#8221;default&#8221; phone_text_alignment=&#8221;default&#8221; background_color_opacity=&#8221;1&#8243; background_hover_color_opacity=&#8221;1&#8243; column_backdrop_filter=&#8221;none&#8221; column_shadow=&#8221;none&#8221; column_border_radius=&#8221;none&#8221; column_link_target=&#8221;_self&#8221; overflow=&#8221;visible&#8221; gradient_direction=&#8221;left_to_right&#8221; overlay_strength=&#8221;0.3&#8243; width=&#8221;1\/6&#8243; tablet_width_inherit=&#8221;default&#8221; animation_type=&#8221;default&#8221; bg_image_animation=&#8221;none&#8221; border_type=&#8221;simple&#8221; column_border_width=&#8221;none&#8221; column_border_style=&#8221;solid&#8221;][\/vc_column_inner][vc_column_inner column_padding=&#8221;no-extra-padding&#8221; column_padding_tablet=&#8221;inherit&#8221; column_padding_phone=&#8221;inherit&#8221; column_padding_position=&#8221;all&#8221; column_element_direction_desktop=&#8221;default&#8221; column_element_spacing=&#8221;default&#8221; desktop_text_alignment=&#8221;default&#8221; tablet_text_alignment=&#8221;default&#8221; phone_text_alignment=&#8221;default&#8221; background_color_opacity=&#8221;1&#8243; background_hover_color_opacity=&#8221;1&#8243; column_backdrop_filter=&#8221;none&#8221; column_shadow=&#8221;none&#8221; column_border_radius=&#8221;none&#8221; column_link_target=&#8221;_self&#8221; overflow=&#8221;visible&#8221; gradient_direction=&#8221;left_to_right&#8221; overlay_strength=&#8221;0.3&#8243; width=&#8221;2\/3&#8243; tablet_width_inherit=&#8221;default&#8221; animation_type=&#8221;default&#8221; bg_image_animation=&#8221;none&#8221; border_type=&#8221;simple&#8221; column_border_width=&#8221;none&#8221; column_border_style=&#8221;solid&#8221;][vc_column_text]\n<p style=\"text-align: center;\"><strong>Imhay: Hablemos de depresi\u00f3n<\/strong><\/p>\n[\/vc_column_text][vc_video link=&#8221;https:\/\/youtu.be\/RS7phhORh5I&#8221;][\/vc_column_inner][vc_column_inner column_padding=&#8221;no-extra-padding&#8221; column_padding_tablet=&#8221;inherit&#8221; column_padding_phone=&#8221;inherit&#8221; column_padding_position=&#8221;all&#8221; column_element_direction_desktop=&#8221;default&#8221; column_element_spacing=&#8221;default&#8221; desktop_text_alignment=&#8221;default&#8221; tablet_text_alignment=&#8221;default&#8221; phone_text_alignment=&#8221;default&#8221; background_color_opacity=&#8221;1&#8243; background_hover_color_opacity=&#8221;1&#8243; column_backdrop_filter=&#8221;none&#8221; column_shadow=&#8221;none&#8221; column_border_radius=&#8221;none&#8221; column_link_target=&#8221;_self&#8221; overflow=&#8221;visible&#8221; gradient_direction=&#8221;left_to_right&#8221; overlay_strength=&#8221;0.3&#8243; width=&#8221;1\/6&#8243; tablet_width_inherit=&#8221;default&#8221; animation_type=&#8221;default&#8221; bg_image_animation=&#8221;none&#8221; border_type=&#8221;simple&#8221; column_border_width=&#8221;none&#8221; column_border_style=&#8221;solid&#8221;][\/vc_column_inner][\/vc_row_inner][vc_row_inner column_margin=&#8221;default&#8221; column_direction=&#8221;default&#8221; column_direction_tablet=&#8221;default&#8221; column_direction_phone=&#8221;default&#8221; text_align=&#8221;left&#8221; row_position=&#8221;default&#8221; row_position_tablet=&#8221;inherit&#8221; row_position_phone=&#8221;inherit&#8221; overflow=&#8221;visible&#8221; pointer_events=&#8221;all&#8221;][vc_column_inner column_padding=&#8221;no-extra-padding&#8221; column_padding_tablet=&#8221;inherit&#8221; column_padding_phone=&#8221;inherit&#8221; column_padding_position=&#8221;all&#8221; column_element_direction_desktop=&#8221;default&#8221; column_element_spacing=&#8221;default&#8221; desktop_text_alignment=&#8221;default&#8221; tablet_text_alignment=&#8221;default&#8221; phone_text_alignment=&#8221;default&#8221; background_color_opacity=&#8221;1&#8243; background_hover_color_opacity=&#8221;1&#8243; column_backdrop_filter=&#8221;none&#8221; column_shadow=&#8221;none&#8221; column_border_radius=&#8221;none&#8221; column_link_target=&#8221;_self&#8221; overflow=&#8221;visible&#8221; gradient_direction=&#8221;left_to_right&#8221; overlay_strength=&#8221;0.3&#8243; width=&#8221;1\/6&#8243; tablet_width_inherit=&#8221;default&#8221; animation_type=&#8221;default&#8221; bg_image_animation=&#8221;none&#8221; border_type=&#8221;simple&#8221; column_border_width=&#8221;none&#8221; column_border_style=&#8221;solid&#8221;][\/vc_column_inner][vc_column_inner column_padding=&#8221;no-extra-padding&#8221; column_padding_tablet=&#8221;inherit&#8221; column_padding_phone=&#8221;inherit&#8221; column_padding_position=&#8221;all&#8221; column_element_direction_desktop=&#8221;default&#8221; column_element_spacing=&#8221;default&#8221; desktop_text_alignment=&#8221;default&#8221; tablet_text_alignment=&#8221;default&#8221; phone_text_alignment=&#8221;default&#8221; background_color_opacity=&#8221;1&#8243; background_hover_color_opacity=&#8221;1&#8243; column_backdrop_filter=&#8221;none&#8221; column_shadow=&#8221;none&#8221; column_border_radius=&#8221;none&#8221; column_link_target=&#8221;_self&#8221; overflow=&#8221;visible&#8221; gradient_direction=&#8221;left_to_right&#8221; overlay_strength=&#8221;0.3&#8243; width=&#8221;2\/3&#8243; tablet_width_inherit=&#8221;default&#8221; animation_type=&#8221;default&#8221; bg_image_animation=&#8221;none&#8221; border_type=&#8221;simple&#8221; column_border_width=&#8221;none&#8221; column_border_style=&#8221;solid&#8221;][vc_column_text css=&#8221;.vc_custom_1710531097963{margin-top: 15px !important;}&#8221;]\n<p style=\"text-align: center;\"><strong>\u00bfQu\u00e9 es la depresi\u00f3n?<\/strong><\/p>\n[\/vc_column_text][nectar_video_player_self_hosted video_mp4=&#8221;https:\/\/aquicontigo.uestatales.cl\/wp-content\/uploads\/2024\/02\/\u00bfQue-es-la-depresion.mp4&#8243; video_image=&#8221;2164&#8243; player_functionality=&#8221;default&#8221; border_radius=&#8221;none&#8221; box_shadow=&#8221;none&#8221; advanced_gradient_display_type=&#8221;linear&#8221;][\/vc_column_inner][vc_column_inner column_padding=&#8221;no-extra-padding&#8221; column_padding_tablet=&#8221;inherit&#8221; column_padding_phone=&#8221;inherit&#8221; column_padding_position=&#8221;all&#8221; column_element_direction_desktop=&#8221;default&#8221; column_element_spacing=&#8221;default&#8221; desktop_text_alignment=&#8221;default&#8221; tablet_text_alignment=&#8221;default&#8221; phone_text_alignment=&#8221;default&#8221; background_color_opacity=&#8221;1&#8243; background_hover_color_opacity=&#8221;1&#8243; column_backdrop_filter=&#8221;none&#8221; column_shadow=&#8221;none&#8221; column_border_radius=&#8221;none&#8221; column_link_target=&#8221;_self&#8221; overflow=&#8221;visible&#8221; gradient_direction=&#8221;left_to_right&#8221; overlay_strength=&#8221;0.3&#8243; width=&#8221;1\/6&#8243; tablet_width_inherit=&#8221;default&#8221; animation_type=&#8221;default&#8221; bg_image_animation=&#8221;none&#8221; border_type=&#8221;simple&#8221; column_border_width=&#8221;none&#8221; column_border_style=&#8221;solid&#8221;][\/vc_column_inner][\/vc_row_inner][\/toggle][toggle color=&#8221;Default&#8221; heading_tag=&#8221;default&#8221; heading_tag_functionality=&#8221;default&#8221; title=&#8221;Fuente&#8221;][vc_column_text]National Institute of Mental Health. (2021). Depression. (NIH Publication No. 21-MH-8079). U.S. Department of Health and Human Services, National Institutes of Health. Obtenido el 18 de enero del 2024 de <a href=\"https:\/\/www.nimh.nih.gov\/health\/publications\/espanol\/depresion-sp\" target=\"_blank\" rel=\"noopener\">https:\/\/www.nimh.nih.gov\/health\/publications\/espanol\/depresion-sp<\/a>[\/vc_column_text][\/toggle][\/toggles][\/vc_column][\/vc_row]\n","protected":false},"excerpt":{"rendered":"<p>[vc_row type=&#8221;full_width_content&#8221; full_screen_row_position=&#8221;middle&#8221; column_margin=&#8221;30px&#8221; column_direction=&#8221;default&#8221; column_direction_tablet=&#8221;default&#8221; column_direction_phone=&#8221;column_reverse&#8221; scene_position=&#8221;center&#8221; top_padding=&#8221;8%&#8221; bottom_padding=&#8221;8%&#8221; left_padding_desktop=&#8221;5%&#8221; constrain_group_2=&#8221;yes&#8221; right_padding_desktop=&#8221;5%&#8221; constrain_group_6=&#8221;yes&#8221; text_color=&#8221;dark&#8221; text_align=&#8221;left&#8221; row_border_radius=&#8221;none&#8221; row_border_radius_applies=&#8221;bg&#8221; overflow=&#8221;visible&#8221; id=&#8221;big-content-toggles&#8221; advanced_gradient_angle=&#8221;0&#8243; overlay_strength=&#8221;0.3&#8243; gradient_direction=&#8221;left_to_right&#8221; shape_divider_position=&#8221;bottom&#8221; bg_image_animation=&#8221;none&#8221; gradient_type=&#8221;default&#8221; shape_type=&#8221;&#8221;][vc_column left_padding_tablet=&#8221;0&#8243; right_padding_tablet=&#8221;0&#8243; column_element_direction_desktop=&#8221;default&#8221;&#8230;<\/p>\n","protected":false},"author":22,"featured_media":1155,"comment_status":"closed","ping_status":"open","sticky":false,"template":"","format":"standard","meta":{"inline_featured_image":false,"footnotes":""},"categories":[276],"tags":[],"class_list":{"0":"post-864","1":"post","2":"type-post","3":"status-publish","4":"format-standard","5":"has-post-thumbnail","7":"category-quiero-saber-mas-de-salud-mental"},"yoast_head":"<!-- This site is optimized with the Yoast SEO plugin v27.5 - https:\/\/yoast.com\/product\/yoast-seo-wordpress\/ -->\n<title>\u00bfQu\u00e9 es la depresi\u00f3n?<\/title>\n<meta name=\"description\" content=\"La depresi\u00f3n, tambi\u00e9n conocida como &#039;depresi\u00f3n cl\u00ednica&#039;, es m\u00e1s persistente y afecta tu forma de sentir, pensar y llevar a cabo actividades.\" \/>\n<meta name=\"robots\" content=\"index, follow, max-snippet:-1, max-image-preview:large, max-video-preview:-1\" \/>\n<link rel=\"canonical\" href=\"https:\/\/aquicontigo.uestatales.cl\/index.php\/2024\/02\/21\/depresion\/\" \/>\n<meta property=\"og:locale\" content=\"es_ES\" \/>\n<meta property=\"og:type\" content=\"article\" \/>\n<meta property=\"og:title\" content=\"\u00bfQu\u00e9 es la depresi\u00f3n?\" \/>\n<meta property=\"og:description\" content=\"La depresi\u00f3n, tambi\u00e9n conocida como &#039;depresi\u00f3n cl\u00ednica&#039;, es m\u00e1s persistente y afecta tu forma de sentir, pensar y llevar a cabo actividades.\" \/>\n<meta property=\"og:url\" content=\"https:\/\/aquicontigo.uestatales.cl\/index.php\/2024\/02\/21\/depresion\/\" \/>\n<meta property=\"og:site_name\" content=\"Aqu\u00ed Contigo\" \/>\n<meta property=\"article:published_time\" content=\"2024-02-21T12:32:52+00:00\" \/>\n<meta property=\"article:modified_time\" content=\"2025-01-29T11:34:10+00:00\" \/>\n<meta property=\"og:image\" content=\"https:\/\/aquicontigo.uestatales.cl\/wp-content\/uploads\/2024\/02\/depresion-1-scaled.jpg\" \/>\n\t<meta property=\"og:image:width\" content=\"2560\" \/>\n\t<meta property=\"og:image:height\" content=\"1707\" \/>\n\t<meta property=\"og:image:type\" content=\"image\/jpeg\" \/>\n<meta name=\"author\" content=\"Alex Mu\u00f1oz Iba\u00f1ez\" \/>\n<meta name=\"twitter:card\" content=\"summary_large_image\" \/>\n<meta name=\"twitter:label1\" content=\"Escrito por\" \/>\n\t<meta name=\"twitter:data1\" content=\"Alex Mu\u00f1oz Iba\u00f1ez\" \/>\n\t<meta name=\"twitter:label2\" content=\"Tiempo de lectura\" \/>\n\t<meta name=\"twitter:data2\" content=\"8 minutos\" \/>\n<script type=\"application\/ld+json\" class=\"yoast-schema-graph\">{\"@context\":\"https:\\\/\\\/schema.org\",\"@graph\":[{\"@type\":\"Article\",\"@id\":\"https:\\\/\\\/aquicontigo.uestatales.cl\\\/index.php\\\/2024\\\/02\\\/21\\\/depresion\\\/#article\",\"isPartOf\":{\"@id\":\"https:\\\/\\\/aquicontigo.uestatales.cl\\\/index.php\\\/2024\\\/02\\\/21\\\/depresion\\\/\"},\"author\":{\"name\":\"Alex Mu\u00f1oz Iba\u00f1ez\",\"@id\":\"https:\\\/\\\/aquicontigo.uestatales.cl\\\/#\\\/schema\\\/person\\\/65514b8053eae9120b93cc6f4b5f0580\"},\"headline\":\"\u00bfQu\u00e9 es la depresi\u00f3n?\",\"datePublished\":\"2024-02-21T12:32:52+00:00\",\"dateModified\":\"2025-01-29T11:34:10+00:00\",\"mainEntityOfPage\":{\"@id\":\"https:\\\/\\\/aquicontigo.uestatales.cl\\\/index.php\\\/2024\\\/02\\\/21\\\/depresion\\\/\"},\"wordCount\":2573,\"publisher\":{\"@id\":\"https:\\\/\\\/aquicontigo.uestatales.cl\\\/#organization\"},\"image\":{\"@id\":\"https:\\\/\\\/aquicontigo.uestatales.cl\\\/index.php\\\/2024\\\/02\\\/21\\\/depresion\\\/#primaryimage\"},\"thumbnailUrl\":\"https:\\\/\\\/aquicontigo.uestatales.cl\\\/wp-content\\\/uploads\\\/2024\\\/02\\\/depresion-1-scaled.jpg\",\"articleSection\":[\"Quiero saber m\u00e1s de salud mental\"],\"inLanguage\":\"es\"},{\"@type\":\"WebPage\",\"@id\":\"https:\\\/\\\/aquicontigo.uestatales.cl\\\/index.php\\\/2024\\\/02\\\/21\\\/depresion\\\/\",\"url\":\"https:\\\/\\\/aquicontigo.uestatales.cl\\\/index.php\\\/2024\\\/02\\\/21\\\/depresion\\\/\",\"name\":\"\u00bfQu\u00e9 es la depresi\u00f3n?\",\"isPartOf\":{\"@id\":\"https:\\\/\\\/aquicontigo.uestatales.cl\\\/#website\"},\"primaryImageOfPage\":{\"@id\":\"https:\\\/\\\/aquicontigo.uestatales.cl\\\/index.php\\\/2024\\\/02\\\/21\\\/depresion\\\/#primaryimage\"},\"image\":{\"@id\":\"https:\\\/\\\/aquicontigo.uestatales.cl\\\/index.php\\\/2024\\\/02\\\/21\\\/depresion\\\/#primaryimage\"},\"thumbnailUrl\":\"https:\\\/\\\/aquicontigo.uestatales.cl\\\/wp-content\\\/uploads\\\/2024\\\/02\\\/depresion-1-scaled.jpg\",\"datePublished\":\"2024-02-21T12:32:52+00:00\",\"dateModified\":\"2025-01-29T11:34:10+00:00\",\"description\":\"La depresi\u00f3n, tambi\u00e9n conocida como 'depresi\u00f3n cl\u00ednica', es m\u00e1s persistente y afecta tu forma de sentir, pensar y llevar a cabo actividades.\",\"breadcrumb\":{\"@id\":\"https:\\\/\\\/aquicontigo.uestatales.cl\\\/index.php\\\/2024\\\/02\\\/21\\\/depresion\\\/#breadcrumb\"},\"inLanguage\":\"es\",\"potentialAction\":[{\"@type\":\"ReadAction\",\"target\":[\"https:\\\/\\\/aquicontigo.uestatales.cl\\\/index.php\\\/2024\\\/02\\\/21\\\/depresion\\\/\"]}]},{\"@type\":\"ImageObject\",\"inLanguage\":\"es\",\"@id\":\"https:\\\/\\\/aquicontigo.uestatales.cl\\\/index.php\\\/2024\\\/02\\\/21\\\/depresion\\\/#primaryimage\",\"url\":\"https:\\\/\\\/aquicontigo.uestatales.cl\\\/wp-content\\\/uploads\\\/2024\\\/02\\\/depresion-1-scaled.jpg\",\"contentUrl\":\"https:\\\/\\\/aquicontigo.uestatales.cl\\\/wp-content\\\/uploads\\\/2024\\\/02\\\/depresion-1-scaled.jpg\",\"width\":2560,\"height\":1707},{\"@type\":\"BreadcrumbList\",\"@id\":\"https:\\\/\\\/aquicontigo.uestatales.cl\\\/index.php\\\/2024\\\/02\\\/21\\\/depresion\\\/#breadcrumb\",\"itemListElement\":[{\"@type\":\"ListItem\",\"position\":1,\"name\":\"Portada\",\"item\":\"https:\\\/\\\/aquicontigo.uestatales.cl\\\/\"},{\"@type\":\"ListItem\",\"position\":2,\"name\":\"\u00bfQu\u00e9 es la depresi\u00f3n?\"}]},{\"@type\":\"WebSite\",\"@id\":\"https:\\\/\\\/aquicontigo.uestatales.cl\\\/#website\",\"url\":\"https:\\\/\\\/aquicontigo.uestatales.cl\\\/\",\"name\":\"Aqu\u00ed Contigo\",\"description\":\"Portal de prevenci\u00f3n y promoci\u00f3n de  salud mental, dirigida a estudiantes universitarios\\\/as\",\"publisher\":{\"@id\":\"https:\\\/\\\/aquicontigo.uestatales.cl\\\/#organization\"},\"potentialAction\":[{\"@type\":\"SearchAction\",\"target\":{\"@type\":\"EntryPoint\",\"urlTemplate\":\"https:\\\/\\\/aquicontigo.uestatales.cl\\\/?s={search_term_string}\"},\"query-input\":{\"@type\":\"PropertyValueSpecification\",\"valueRequired\":true,\"valueName\":\"search_term_string\"}}],\"inLanguage\":\"es\"},{\"@type\":\"Organization\",\"@id\":\"https:\\\/\\\/aquicontigo.uestatales.cl\\\/#organization\",\"name\":\"Red de Salud Digital de Universidades del Estado\",\"alternateName\":\"RSDUE\",\"url\":\"https:\\\/\\\/aquicontigo.uestatales.cl\\\/\",\"logo\":{\"@type\":\"ImageObject\",\"inLanguage\":\"es\",\"@id\":\"https:\\\/\\\/aquicontigo.uestatales.cl\\\/#\\\/schema\\\/logo\\\/image\\\/\",\"url\":\"https:\\\/\\\/aquicontigo.uestatales.cl\\\/wp-content\\\/uploads\\\/2023\\\/11\\\/logo_rsdue_color.png\",\"contentUrl\":\"https:\\\/\\\/aquicontigo.uestatales.cl\\\/wp-content\\\/uploads\\\/2023\\\/11\\\/logo_rsdue_color.png\",\"width\":1475,\"height\":494,\"caption\":\"Red de Salud Digital de Universidades del Estado\"},\"image\":{\"@id\":\"https:\\\/\\\/aquicontigo.uestatales.cl\\\/#\\\/schema\\\/logo\\\/image\\\/\"}},{\"@type\":\"Person\",\"@id\":\"https:\\\/\\\/aquicontigo.uestatales.cl\\\/#\\\/schema\\\/person\\\/65514b8053eae9120b93cc6f4b5f0580\",\"name\":\"Alex Mu\u00f1oz Iba\u00f1ez\",\"image\":{\"@type\":\"ImageObject\",\"inLanguage\":\"es\",\"@id\":\"https:\\\/\\\/secure.gravatar.com\\\/avatar\\\/6478615c34c4d6e3ef731179670c9365b37cc7f69199ad5788b86b32dea7d13c?s=96&d=mm&r=g\",\"url\":\"https:\\\/\\\/secure.gravatar.com\\\/avatar\\\/6478615c34c4d6e3ef731179670c9365b37cc7f69199ad5788b86b32dea7d13c?s=96&d=mm&r=g\",\"contentUrl\":\"https:\\\/\\\/secure.gravatar.com\\\/avatar\\\/6478615c34c4d6e3ef731179670c9365b37cc7f69199ad5788b86b32dea7d13c?s=96&d=mm&r=g\",\"caption\":\"Alex Mu\u00f1oz Iba\u00f1ez\"}}]}<\/script>\n<!-- \/ Yoast SEO plugin. -->","yoast_head_json":{"title":"\u00bfQu\u00e9 es la depresi\u00f3n?","description":"La depresi\u00f3n, tambi\u00e9n conocida como 'depresi\u00f3n cl\u00ednica', es m\u00e1s persistente y afecta tu forma de sentir, pensar y llevar a cabo actividades.","robots":{"index":"index","follow":"follow","max-snippet":"max-snippet:-1","max-image-preview":"max-image-preview:large","max-video-preview":"max-video-preview:-1"},"canonical":"https:\/\/aquicontigo.uestatales.cl\/index.php\/2024\/02\/21\/depresion\/","og_locale":"es_ES","og_type":"article","og_title":"\u00bfQu\u00e9 es la depresi\u00f3n?","og_description":"La depresi\u00f3n, tambi\u00e9n conocida como 'depresi\u00f3n cl\u00ednica', es m\u00e1s persistente y afecta tu forma de sentir, pensar y llevar a cabo actividades.","og_url":"https:\/\/aquicontigo.uestatales.cl\/index.php\/2024\/02\/21\/depresion\/","og_site_name":"Aqu\u00ed Contigo","article_published_time":"2024-02-21T12:32:52+00:00","article_modified_time":"2025-01-29T11:34:10+00:00","og_image":[{"width":2560,"height":1707,"url":"https:\/\/aquicontigo.uestatales.cl\/wp-content\/uploads\/2024\/02\/depresion-1-scaled.jpg","type":"image\/jpeg"}],"author":"Alex Mu\u00f1oz Iba\u00f1ez","twitter_card":"summary_large_image","twitter_misc":{"Escrito por":"Alex Mu\u00f1oz Iba\u00f1ez","Tiempo de lectura":"8 minutos"},"schema":{"@context":"https:\/\/schema.org","@graph":[{"@type":"Article","@id":"https:\/\/aquicontigo.uestatales.cl\/index.php\/2024\/02\/21\/depresion\/#article","isPartOf":{"@id":"https:\/\/aquicontigo.uestatales.cl\/index.php\/2024\/02\/21\/depresion\/"},"author":{"name":"Alex Mu\u00f1oz Iba\u00f1ez","@id":"https:\/\/aquicontigo.uestatales.cl\/#\/schema\/person\/65514b8053eae9120b93cc6f4b5f0580"},"headline":"\u00bfQu\u00e9 es la depresi\u00f3n?","datePublished":"2024-02-21T12:32:52+00:00","dateModified":"2025-01-29T11:34:10+00:00","mainEntityOfPage":{"@id":"https:\/\/aquicontigo.uestatales.cl\/index.php\/2024\/02\/21\/depresion\/"},"wordCount":2573,"publisher":{"@id":"https:\/\/aquicontigo.uestatales.cl\/#organization"},"image":{"@id":"https:\/\/aquicontigo.uestatales.cl\/index.php\/2024\/02\/21\/depresion\/#primaryimage"},"thumbnailUrl":"https:\/\/aquicontigo.uestatales.cl\/wp-content\/uploads\/2024\/02\/depresion-1-scaled.jpg","articleSection":["Quiero saber m\u00e1s de salud mental"],"inLanguage":"es"},{"@type":"WebPage","@id":"https:\/\/aquicontigo.uestatales.cl\/index.php\/2024\/02\/21\/depresion\/","url":"https:\/\/aquicontigo.uestatales.cl\/index.php\/2024\/02\/21\/depresion\/","name":"\u00bfQu\u00e9 es la depresi\u00f3n?","isPartOf":{"@id":"https:\/\/aquicontigo.uestatales.cl\/#website"},"primaryImageOfPage":{"@id":"https:\/\/aquicontigo.uestatales.cl\/index.php\/2024\/02\/21\/depresion\/#primaryimage"},"image":{"@id":"https:\/\/aquicontigo.uestatales.cl\/index.php\/2024\/02\/21\/depresion\/#primaryimage"},"thumbnailUrl":"https:\/\/aquicontigo.uestatales.cl\/wp-content\/uploads\/2024\/02\/depresion-1-scaled.jpg","datePublished":"2024-02-21T12:32:52+00:00","dateModified":"2025-01-29T11:34:10+00:00","description":"La depresi\u00f3n, tambi\u00e9n conocida como 'depresi\u00f3n cl\u00ednica', es m\u00e1s persistente y afecta tu forma de sentir, pensar y llevar a cabo actividades.","breadcrumb":{"@id":"https:\/\/aquicontigo.uestatales.cl\/index.php\/2024\/02\/21\/depresion\/#breadcrumb"},"inLanguage":"es","potentialAction":[{"@type":"ReadAction","target":["https:\/\/aquicontigo.uestatales.cl\/index.php\/2024\/02\/21\/depresion\/"]}]},{"@type":"ImageObject","inLanguage":"es","@id":"https:\/\/aquicontigo.uestatales.cl\/index.php\/2024\/02\/21\/depresion\/#primaryimage","url":"https:\/\/aquicontigo.uestatales.cl\/wp-content\/uploads\/2024\/02\/depresion-1-scaled.jpg","contentUrl":"https:\/\/aquicontigo.uestatales.cl\/wp-content\/uploads\/2024\/02\/depresion-1-scaled.jpg","width":2560,"height":1707},{"@type":"BreadcrumbList","@id":"https:\/\/aquicontigo.uestatales.cl\/index.php\/2024\/02\/21\/depresion\/#breadcrumb","itemListElement":[{"@type":"ListItem","position":1,"name":"Portada","item":"https:\/\/aquicontigo.uestatales.cl\/"},{"@type":"ListItem","position":2,"name":"\u00bfQu\u00e9 es la depresi\u00f3n?"}]},{"@type":"WebSite","@id":"https:\/\/aquicontigo.uestatales.cl\/#website","url":"https:\/\/aquicontigo.uestatales.cl\/","name":"Aqu\u00ed Contigo","description":"Portal de prevenci\u00f3n y promoci\u00f3n de  salud mental, dirigida a estudiantes universitarios\/as","publisher":{"@id":"https:\/\/aquicontigo.uestatales.cl\/#organization"},"potentialAction":[{"@type":"SearchAction","target":{"@type":"EntryPoint","urlTemplate":"https:\/\/aquicontigo.uestatales.cl\/?s={search_term_string}"},"query-input":{"@type":"PropertyValueSpecification","valueRequired":true,"valueName":"search_term_string"}}],"inLanguage":"es"},{"@type":"Organization","@id":"https:\/\/aquicontigo.uestatales.cl\/#organization","name":"Red de Salud Digital de Universidades del Estado","alternateName":"RSDUE","url":"https:\/\/aquicontigo.uestatales.cl\/","logo":{"@type":"ImageObject","inLanguage":"es","@id":"https:\/\/aquicontigo.uestatales.cl\/#\/schema\/logo\/image\/","url":"https:\/\/aquicontigo.uestatales.cl\/wp-content\/uploads\/2023\/11\/logo_rsdue_color.png","contentUrl":"https:\/\/aquicontigo.uestatales.cl\/wp-content\/uploads\/2023\/11\/logo_rsdue_color.png","width":1475,"height":494,"caption":"Red de Salud Digital de Universidades del Estado"},"image":{"@id":"https:\/\/aquicontigo.uestatales.cl\/#\/schema\/logo\/image\/"}},{"@type":"Person","@id":"https:\/\/aquicontigo.uestatales.cl\/#\/schema\/person\/65514b8053eae9120b93cc6f4b5f0580","name":"Alex Mu\u00f1oz Iba\u00f1ez","image":{"@type":"ImageObject","inLanguage":"es","@id":"https:\/\/secure.gravatar.com\/avatar\/6478615c34c4d6e3ef731179670c9365b37cc7f69199ad5788b86b32dea7d13c?s=96&d=mm&r=g","url":"https:\/\/secure.gravatar.com\/avatar\/6478615c34c4d6e3ef731179670c9365b37cc7f69199ad5788b86b32dea7d13c?s=96&d=mm&r=g","contentUrl":"https:\/\/secure.gravatar.com\/avatar\/6478615c34c4d6e3ef731179670c9365b37cc7f69199ad5788b86b32dea7d13c?s=96&d=mm&r=g","caption":"Alex Mu\u00f1oz Iba\u00f1ez"}}]}},"_links":{"self":[{"href":"https:\/\/aquicontigo.uestatales.cl\/index.php\/wp-json\/wp\/v2\/posts\/864","targetHints":{"allow":["GET"]}}],"collection":[{"href":"https:\/\/aquicontigo.uestatales.cl\/index.php\/wp-json\/wp\/v2\/posts"}],"about":[{"href":"https:\/\/aquicontigo.uestatales.cl\/index.php\/wp-json\/wp\/v2\/types\/post"}],"author":[{"embeddable":true,"href":"https:\/\/aquicontigo.uestatales.cl\/index.php\/wp-json\/wp\/v2\/users\/22"}],"replies":[{"embeddable":true,"href":"https:\/\/aquicontigo.uestatales.cl\/index.php\/wp-json\/wp\/v2\/comments?post=864"}],"version-history":[{"count":63,"href":"https:\/\/aquicontigo.uestatales.cl\/index.php\/wp-json\/wp\/v2\/posts\/864\/revisions"}],"predecessor-version":[{"id":2791,"href":"https:\/\/aquicontigo.uestatales.cl\/index.php\/wp-json\/wp\/v2\/posts\/864\/revisions\/2791"}],"wp:featuredmedia":[{"embeddable":true,"href":"https:\/\/aquicontigo.uestatales.cl\/index.php\/wp-json\/wp\/v2\/media\/1155"}],"wp:attachment":[{"href":"https:\/\/aquicontigo.uestatales.cl\/index.php\/wp-json\/wp\/v2\/media?parent=864"}],"wp:term":[{"taxonomy":"category","embeddable":true,"href":"https:\/\/aquicontigo.uestatales.cl\/index.php\/wp-json\/wp\/v2\/categories?post=864"},{"taxonomy":"post_tag","embeddable":true,"href":"https:\/\/aquicontigo.uestatales.cl\/index.php\/wp-json\/wp\/v2\/tags?post=864"}],"curies":[{"name":"wp","href":"https:\/\/api.w.org\/{rel}","templated":true}]}}