{"id":743,"date":"2024-02-20T13:33:32","date_gmt":"2024-02-20T13:33:32","guid":{"rendered":"https:\/\/devrsduemental.iie.cl\/?p=743"},"modified":"2024-07-15T17:27:42","modified_gmt":"2024-07-15T21:27:42","slug":"la-tecnica-de-la-activacion-conductual","status":"publish","type":"post","link":"https:\/\/aquicontigo.uestatales.cl\/index.php\/2024\/02\/20\/la-tecnica-de-la-activacion-conductual\/","title":{"rendered":"La t\u00e9cnica de la activaci\u00f3n conductual"},"content":{"rendered":"[vc_row type=&#8221;full_width_content&#8221; full_screen_row_position=&#8221;middle&#8221; column_margin=&#8221;30px&#8221; column_direction=&#8221;default&#8221; column_direction_tablet=&#8221;default&#8221; column_direction_phone=&#8221;column_reverse&#8221; scene_position=&#8221;center&#8221; top_padding=&#8221;8%&#8221; bottom_padding=&#8221;8%&#8221; left_padding_desktop=&#8221;5%&#8221; constrain_group_2=&#8221;yes&#8221; right_padding_desktop=&#8221;5%&#8221; constrain_group_6=&#8221;yes&#8221; text_color=&#8221;dark&#8221; text_align=&#8221;left&#8221; row_border_radius=&#8221;none&#8221; row_border_radius_applies=&#8221;bg&#8221; overflow=&#8221;visible&#8221; id=&#8221;big-content-toggles&#8221; advanced_gradient_angle=&#8221;0&#8243; overlay_strength=&#8221;0.3&#8243; gradient_direction=&#8221;left_to_right&#8221; shape_divider_position=&#8221;bottom&#8221; bg_image_animation=&#8221;none&#8221; gradient_type=&#8221;default&#8221; shape_type=&#8221;&#8221;][vc_column column_element_direction_desktop=&#8221;default&#8221; column_element_spacing=&#8221;0px&#8221; desktop_text_alignment=&#8221;default&#8221; tablet_text_alignment=&#8221;default&#8221; phone_text_alignment=&#8221;default&#8221; sticky_content=&#8221;true&#8221; sticky_content_functionality=&#8221;css&#8221; sticky_content_alignment=&#8221;middle&#8221; background_color_opacity=&#8221;1&#8243; background_hover_color_opacity=&#8221;1&#8243; column_backdrop_filter=&#8221;none&#8221; column_shadow=&#8221;none&#8221; column_border_radius=&#8221;none&#8221; column_link_target=&#8221;_self&#8221; column_position=&#8221;default&#8221; el_class=&#8221;links-container&#8221; advanced_gradient_angle=&#8221;0&#8243; gradient_direction=&#8221;left_to_right&#8221; overlay_strength=&#8221;0.3&#8243; width=&#8221;1\/4&#8243; tablet_width_inherit=&#8221;default&#8221; animation_type=&#8221;default&#8221; bg_image_animation=&#8221;none&#8221; border_type=&#8221;simple&#8221; column_border_width=&#8221;none&#8221; column_border_style=&#8221;solid&#8221; gradient_type=&#8221;default&#8221; column_padding_type=&#8221;advanced&#8221;][vc_column_text]\n<h5>Videos en este post<\/h5>\n[\/vc_column_text]<div class=\"iwithtext\"><div class=\"iwt-icon\"> <img decoding=\"async\" src=\"https:\/\/aquicontigo.uestatales.cl\/wp-content\/uploads\/2024\/02\/Artboard-15.svg\" alt=\"\" \/> <\/div><div class=\"iwt-text\"> \u00bfQu\u00e9 puedo hacer para cuidar mi salud mental? Tercera parte <\/div><div class=\"clear\"><\/div><\/div>[nectar_video_player_self_hosted video_mp4=&#8221;https:\/\/aquicontigo.uestatales.cl\/wp-content\/uploads\/2024\/05\/\u00bfQue-puedo-hacer-para-cuidar-mi-salud-mental-parte-3.mp4&#8243; video_image=&#8221;2637&#8243; player_functionality=&#8221;default&#8221; border_radius=&#8221;none&#8221; box_shadow=&#8221;none&#8221; advanced_gradient_display_type=&#8221;linear&#8221;][\/vc_column][vc_column column_padding=&#8221;no-extra-padding&#8221; column_padding_tablet=&#8221;inherit&#8221; column_padding_phone=&#8221;inherit&#8221; column_padding_position=&#8221;all&#8221; column_element_direction_desktop=&#8221;default&#8221; column_element_spacing=&#8221;default&#8221; desktop_text_alignment=&#8221;default&#8221; tablet_text_alignment=&#8221;default&#8221; phone_text_alignment=&#8221;default&#8221; background_color_opacity=&#8221;1&#8243; background_hover_color_opacity=&#8221;1&#8243; column_backdrop_filter=&#8221;none&#8221; column_shadow=&#8221;none&#8221; column_border_radius=&#8221;none&#8221; column_link_target=&#8221;_self&#8221; column_position=&#8221;default&#8221; gradient_direction=&#8221;left_to_right&#8221; overlay_strength=&#8221;0.3&#8243; width=&#8221;3\/4&#8243; tablet_width_inherit=&#8221;default&#8221; animation_type=&#8221;default&#8221; bg_image_animation=&#8221;none&#8221; border_type=&#8221;simple&#8221; column_border_width=&#8221;none&#8221; column_border_style=&#8221;solid&#8221;][vc_row_inner column_margin=&#8221;default&#8221; column_direction=&#8221;default&#8221; column_direction_tablet=&#8221;default&#8221; column_direction_phone=&#8221;default&#8221; text_align=&#8221;left&#8221; row_position=&#8221;default&#8221; row_position_tablet=&#8221;inherit&#8221; row_position_phone=&#8221;inherit&#8221; overflow=&#8221;visible&#8221; pointer_events=&#8221;all&#8221;][vc_column_inner column_padding=&#8221;no-extra-padding&#8221; column_padding_tablet=&#8221;inherit&#8221; column_padding_phone=&#8221;inherit&#8221; column_padding_position=&#8221;all&#8221; column_element_direction_desktop=&#8221;default&#8221; column_element_spacing=&#8221;default&#8221; desktop_text_alignment=&#8221;default&#8221; tablet_text_alignment=&#8221;default&#8221; phone_text_alignment=&#8221;default&#8221; background_color_opacity=&#8221;1&#8243; background_hover_color_opacity=&#8221;1&#8243; column_backdrop_filter=&#8221;none&#8221; column_shadow=&#8221;none&#8221; column_border_radius=&#8221;none&#8221; column_link_target=&#8221;_self&#8221; overflow=&#8221;visible&#8221; gradient_direction=&#8221;left_to_right&#8221; overlay_strength=&#8221;0.3&#8243; width=&#8221;1\/1&#8243; tablet_width_inherit=&#8221;default&#8221; animation_type=&#8221;default&#8221; bg_image_animation=&#8221;none&#8221; border_type=&#8221;simple&#8221; column_border_width=&#8221;none&#8221; column_border_style=&#8221;solid&#8221;][vc_custom_heading text=&#8221;Autores\/as&#8221; font_container=&#8221;tag:h4|text_align:left&#8221; google_fonts=&#8221;font_family:Roboto%3A100%2C100italic%2C300%2C300italic%2Cregular%2Citalic%2C500%2C500italic%2C700%2C700italic%2C900%2C900italic|font_style:400%20regular%3A400%3Anormal&#8221;][vc_column_text]\n<p style=\"text-align: left; font-size: 14px;\">Equipo RSDUE<\/p>\n[\/vc_column_text][\/vc_column_inner][\/vc_row_inner][divider line_type=&#8221;Full Width Line&#8221; line_thickness=&#8221;3&#8243; divider_color=&#8221;default&#8221;][split_line_heading animation_type=&#8221;line-reveal-by-space&#8221; font_style=&#8221;h1&#8243; text_color=&#8221;#000000&#8243; line_reveal_by_space_text_effect=&#8221;default&#8221; content_alignment=&#8221;default&#8221; mobile_content_alignment=&#8221;inherit&#8221; link_target=&#8221;_self&#8221; text_content=&#8221;Construyendo tu bienestar: La t\u00e9cnica de la activaci\u00f3n conductual&#8221;][\/split_line_heading][divider line_type=&#8221;No Line&#8221; custom_height=&#8221;30px&#8221;][vc_column_text]\u00bfAlguna vez has sentido que te cuesta hacer cosas, avanzar o que los desaf\u00edos que enfrentas te parecen abrumadores? La <b>Actividad Conductual (AC)<\/b> podr\u00eda ser una herramienta que necesitas. Al enfocarte en actividades espec\u00edficas y en c\u00f3mo te mueves en tu d\u00eda a d\u00eda, puedes tener un mayor desarrollo personal y mejorar tu sensaci\u00f3n de bienestar.<\/p>\n<p>La clave de la t\u00e9cnica de la Actividad Conductual (AC) es llevar un registro de las actividades diarias, donde anotas lo que haces d\u00eda a d\u00eda. Sirve para analizar c\u00f3mo te mueves y lo que evitas. Despu\u00e9s, te ayuda a ver c\u00f3mo est\u00e1s avanzando y a planificar pr\u00f3ximos pasos.<\/p>\n[\/vc_column_text][toggles style=&#8221;minimal&#8221;][toggle color=&#8221;Default&#8221; heading_tag=&#8221;default&#8221; heading_tag_functionality=&#8221;default&#8221; title=&#8221;Lo esencial de la activaci\u00f3n conductual&#8221;][vc_column_text]\n<ul>\n<li><strong>Comienza con tareas peque\u00f1as y f\u00e1ciles,<\/strong> y luego avanza gradualmente a actividades m\u00e1s desafiantes a medida que progresas. Puedes organizar las actividades seg\u00fan su dificultad para facilitar el proceso.<\/li>\n<li><strong>Una estrategia \u00fatil es ampliar la frecuencia o duraci\u00f3n de las actividades que ya realizas<\/strong>. Aseg\u00farate de cubrir diferentes \u00e1reas de tu vida y elige actividades que se alineen con tus valores personales.<\/li>\n<li><strong>Prioriza las actividades que encuentres significativas y gratificantes<\/strong>. Comienza con aquellas que te brinden beneficios naturales, como hacer ejercicio o pasar tiempo con amigos, ya que son excelentes para dar el primer paso.<\/li>\n<li><strong>Aseg\u00farate de que tus actividades abarquen diferentes aspectos de tu vida y se alineen con tus valores personales<\/strong>. Si te hacen sentir bien, \u00a1fant\u00e1stico!<\/li>\n<\/ul>\n<p>Despu\u00e9s de seleccionar tus actividades, anticipa posibles obst\u00e1culos que podr\u00edan surgir al realizarlas. Planifica c\u00f3mo, cu\u00e1ndo y con qui\u00e9n llevar\u00e1s a cabo cada actividad durante la pr\u00f3xima semana.<\/p>\n<p>Cada semana reflexiona sobre tus experiencias pasadas. Eval\u00faa c\u00f3mo te sentiste al realizar las actividades y qu\u00e9 desaf\u00edos enfrentaste. Establece un plan para la semana siguiente basado en tus progresos y desaf\u00edos actuales.<\/p>\n<p>Visualiza tu progreso como un proceso. Reconoce que cada paso que das es valioso para tu crecimiento y bienestar. Aprecia tus logros y reconoce los desaf\u00edos como oportunidades para aprender y mejorar.<\/p>\n<p>Puedes probar con un esquema sencillo, como el siguiente, para ayudarte a planificar y evaluar tus actividades diarias.[\/vc_column_text][\/toggle][toggle color=&#8221;Default&#8221; heading_tag=&#8221;default&#8221; heading_tag_functionality=&#8221;default&#8221; title=&#8221;Recomendaciones para abordar los desaf\u00edos&#8221;][vc_column_text]\n<ul>\n<li><strong>Utiliza una estrategia para afrontar los desaf\u00edos<\/strong><\/li>\n<\/ul>\n<p>Cuando te encuentres en dificultades para llevar a cabo tus actividades o no obtengas los resultados esperados, t\u00f3mate un momento para analizar qu\u00e9 pudo haber salido mal. Tal vez las tareas no eran lo suficientemente emocionantes o relevantes para ti. Podr\u00edas intentar dividir una tarea desafiante en pasos m\u00e1s peque\u00f1os o ajustar tu horario para hacer espacio a lo que realmente importa.<\/p>\n<ul>\n<li><strong>Celebra tus avances<\/strong><\/li>\n<\/ul>\n<p>Recuerda que cada paso cuenta, por m\u00e1s peque\u00f1o que parezca. A menudo, tendemos a subestimar nuestros logros, pero cada progreso es significativo. Si te sientes estancado\/a o abrumado\/a, no dudes en reconsiderar tus objetivos y actividades para adaptarlos a tu situaci\u00f3n actual.<\/p>\n<ul>\n<li><strong>Busca soluciones<\/strong><\/li>\n<\/ul>\n<p>Identifica los problemas que te preocupan y piensa en posibles soluciones. No temas pedir ayuda si la necesitas. A veces, un nuevo enfoque puede ofrecer claridad y abrirte posibilidades que no has considerado.[\/vc_column_text][image_with_animation image_url=&#8221;744&#8243; image_size=&#8221;full&#8221; animation_type=&#8221;entrance&#8221; animation=&#8221;None&#8221; animation_movement_type=&#8221;transform_y&#8221; hover_animation=&#8221;none&#8221; alignment=&#8221;center&#8221; border_radius=&#8221;none&#8221; box_shadow=&#8221;none&#8221; image_loading=&#8221;default&#8221; max_width=&#8221;100%&#8221; max_width_mobile=&#8221;default&#8221;][\/toggle][toggle color=&#8221;Default&#8221; heading_tag=&#8221;default&#8221; heading_tag_functionality=&#8221;default&#8221; title=&#8221;Quiero saber m\u00e1s&#8221;][vc_row_inner column_margin=&#8221;default&#8221; column_direction=&#8221;default&#8221; column_direction_tablet=&#8221;default&#8221; column_direction_phone=&#8221;default&#8221; text_align=&#8221;left&#8221; row_position=&#8221;default&#8221; row_position_tablet=&#8221;inherit&#8221; row_position_phone=&#8221;inherit&#8221; overflow=&#8221;visible&#8221; pointer_events=&#8221;all&#8221;][vc_column_inner column_padding=&#8221;no-extra-padding&#8221; column_padding_tablet=&#8221;inherit&#8221; column_padding_phone=&#8221;inherit&#8221; column_padding_position=&#8221;all&#8221; column_element_direction_desktop=&#8221;default&#8221; column_element_spacing=&#8221;default&#8221; desktop_text_alignment=&#8221;default&#8221; tablet_text_alignment=&#8221;default&#8221; phone_text_alignment=&#8221;default&#8221; background_color_opacity=&#8221;1&#8243; background_hover_color_opacity=&#8221;1&#8243; column_backdrop_filter=&#8221;none&#8221; column_shadow=&#8221;none&#8221; column_border_radius=&#8221;none&#8221; column_link_target=&#8221;_self&#8221; overflow=&#8221;visible&#8221; gradient_direction=&#8221;left_to_right&#8221; overlay_strength=&#8221;0.3&#8243; width=&#8221;1\/6&#8243; tablet_width_inherit=&#8221;default&#8221; animation_type=&#8221;default&#8221; bg_image_animation=&#8221;none&#8221; border_type=&#8221;simple&#8221; column_border_width=&#8221;none&#8221; column_border_style=&#8221;solid&#8221;][\/vc_column_inner][vc_column_inner column_padding=&#8221;no-extra-padding&#8221; column_padding_tablet=&#8221;inherit&#8221; column_padding_phone=&#8221;inherit&#8221; column_padding_position=&#8221;all&#8221; column_element_direction_desktop=&#8221;default&#8221; column_element_spacing=&#8221;default&#8221; desktop_text_alignment=&#8221;default&#8221; tablet_text_alignment=&#8221;default&#8221; phone_text_alignment=&#8221;default&#8221; background_color_opacity=&#8221;1&#8243; background_hover_color_opacity=&#8221;1&#8243; column_backdrop_filter=&#8221;none&#8221; column_shadow=&#8221;none&#8221; column_border_radius=&#8221;none&#8221; column_link_target=&#8221;_self&#8221; overflow=&#8221;visible&#8221; gradient_direction=&#8221;left_to_right&#8221; overlay_strength=&#8221;0.3&#8243; width=&#8221;2\/3&#8243; tablet_width_inherit=&#8221;default&#8221; animation_type=&#8221;default&#8221; bg_image_animation=&#8221;none&#8221; border_type=&#8221;simple&#8221; column_border_width=&#8221;none&#8221; column_border_style=&#8221;solid&#8221;][vc_column_text]\n<h4 style=\"text-align: center;\"><strong>\u00bfQu\u00e9 puedo hacer para cuidar mi salud mental? Tercera parte<\/strong><\/h4>\n[\/vc_column_text][nectar_video_player_self_hosted video_mp4=&#8221;https:\/\/aquicontigo.uestatales.cl\/wp-content\/uploads\/2024\/05\/\u00bfQue-puedo-hacer-para-cuidar-mi-salud-mental-parte-3.mp4&#8243; video_image=&#8221;2637&#8243; player_functionality=&#8221;default&#8221; border_radius=&#8221;none&#8221; box_shadow=&#8221;none&#8221; advanced_gradient_display_type=&#8221;linear&#8221;][vc_column_text css=&#8221;.vc_custom_1716999016794{margin-top: 2em !important;}&#8221;]<strong>Otras c\u00e1psulas:<\/strong><\/p>\n<p><a href=\"https:\/\/aquicontigo.uestatales.cl\/wp-content\/uploads\/2024\/05\/\u00bfQue-puedo-hacer-para-cuidar-mi-salud-mental-parte-1.mp4\" target=\"_blank\" rel=\"noopener\">\u00bfQu\u00e9 puedo hacer para cuidar mi salud mental? &#8211; parte 1<\/a><\/p>\n<p><a href=\"https:\/\/aquicontigo.uestatales.cl\/wp-content\/uploads\/2024\/05\/\u00bfQue-puedo-hacer-para-cuidar-mi-salud-mental-parte-2.mp4\" target=\"_blank\" rel=\"noopener\">\u00bfQu\u00e9 puedo hacer para cuidar mi salud mental? &#8211; parte 2<\/a>[\/vc_column_text][\/vc_column_inner][vc_column_inner column_padding=&#8221;no-extra-padding&#8221; column_padding_tablet=&#8221;inherit&#8221; column_padding_phone=&#8221;inherit&#8221; column_padding_position=&#8221;all&#8221; column_element_direction_desktop=&#8221;default&#8221; column_element_spacing=&#8221;default&#8221; desktop_text_alignment=&#8221;default&#8221; tablet_text_alignment=&#8221;default&#8221; phone_text_alignment=&#8221;default&#8221; background_color_opacity=&#8221;1&#8243; background_hover_color_opacity=&#8221;1&#8243; column_backdrop_filter=&#8221;none&#8221; column_shadow=&#8221;none&#8221; column_border_radius=&#8221;none&#8221; column_link_target=&#8221;_self&#8221; overflow=&#8221;visible&#8221; gradient_direction=&#8221;left_to_right&#8221; overlay_strength=&#8221;0.3&#8243; width=&#8221;1\/6&#8243; tablet_width_inherit=&#8221;default&#8221; animation_type=&#8221;default&#8221; bg_image_animation=&#8221;none&#8221; border_type=&#8221;simple&#8221; column_border_width=&#8221;none&#8221; column_border_style=&#8221;solid&#8221;][\/vc_column_inner][\/vc_row_inner][\/toggle][toggle color=&#8221;Default&#8221; heading_tag=&#8221;default&#8221; heading_tag_functionality=&#8221;default&#8221; title=&#8221;Fuentes&#8221;][vc_column_text]<strong>Referencias:<\/strong><\/p>\n<p>Fern\u00e1ndez-Rodr\u00edguez, C., Coto-Lesmes, R., Mart\u00ednez-Loredo, V., Gonz\u00e1lez-Fern\u00e1ndez, S., &amp; Cuesta, M. (2023). Is Activation the Active Ingredient of Transdiagnostic Therapies? A Randomized Clinical Trial of Behavioral Activation, Acceptance and Commitment Therapy, and Transdiagnostic Cognitive-Behavioral Therapy for Emotional Disorders. Behavior Modification, 47(1), 3\u201345. <a href=\"https:\/\/doi.org\/10.1177\/01454455221083309\" target=\"_blank\" rel=\"noopener\">https:\/\/doi.org\/10.1177\/01454455221083309<\/a><\/p>\n<p>Hopko, D. H., Lejuez, C. W., Ruggiero, K. J., &amp; Eifert, G.H. (2003). Contemporary behavioral activation treatments for depression: procedures, principles and progress. Clinical Psychology Review, 23, 699717.<\/p>\n<p><strong>Webs consultadas:<\/strong><\/p>\n<p>BATD. (s. f.). Recursos. Recuperado el 25 de octubre, 2023, de <a href=\"https:\/\/batd.com.ar\/recursos\/\" target=\"_blank\" rel=\"noopener\">https:\/\/batd.com.ar\/recursos\/<\/a>[\/vc_column_text][\/toggle][\/toggles][\/vc_column][\/vc_row]\n","protected":false},"excerpt":{"rendered":"<p>[vc_row type=&#8221;full_width_content&#8221; full_screen_row_position=&#8221;middle&#8221; column_margin=&#8221;30px&#8221; column_direction=&#8221;default&#8221; column_direction_tablet=&#8221;default&#8221; column_direction_phone=&#8221;column_reverse&#8221; scene_position=&#8221;center&#8221; top_padding=&#8221;8%&#8221; bottom_padding=&#8221;8%&#8221; left_padding_desktop=&#8221;5%&#8221; constrain_group_2=&#8221;yes&#8221; right_padding_desktop=&#8221;5%&#8221; constrain_group_6=&#8221;yes&#8221; text_color=&#8221;dark&#8221; text_align=&#8221;left&#8221; row_border_radius=&#8221;none&#8221; row_border_radius_applies=&#8221;bg&#8221; overflow=&#8221;visible&#8221; id=&#8221;big-content-toggles&#8221; advanced_gradient_angle=&#8221;0&#8243; overlay_strength=&#8221;0.3&#8243; gradient_direction=&#8221;left_to_right&#8221; shape_divider_position=&#8221;bottom&#8221; bg_image_animation=&#8221;none&#8221; gradient_type=&#8221;default&#8221; shape_type=&#8221;&#8221;][vc_column column_element_direction_desktop=&#8221;default&#8221; column_element_spacing=&#8221;0px&#8221; desktop_text_alignment=&#8221;default&#8221;&#8230;<\/p>\n","protected":false},"author":22,"featured_media":1153,"comment_status":"closed","ping_status":"open","sticky":false,"template":"","format":"standard","meta":{"inline_featured_image":false,"footnotes":""},"categories":[275],"tags":[],"class_list":{"0":"post-743","1":"post","2":"type-post","3":"status-publish","4":"format-standard","5":"has-post-thumbnail","7":"category-estrategias-para-cuidar-la-salud-mental"},"yoast_head":"<!-- This site is optimized with the Yoast SEO plugin v27.5 - https:\/\/yoast.com\/product\/yoast-seo-wordpress\/ -->\n<title>La t\u00e9cnica de la activaci\u00f3n conductual<\/title>\n<meta name=\"description\" content=\"\u00bfAlguna vez has sentido que te cuesta hacer cosas, tus desaf\u00edos te parecen abrumadores? La Activaci\u00f3n Conductual (AC) podr\u00eda ser tu soluci\u00f3n.\" \/>\n<meta name=\"robots\" content=\"index, follow, max-snippet:-1, max-image-preview:large, max-video-preview:-1\" \/>\n<link rel=\"canonical\" href=\"https:\/\/aquicontigo.uestatales.cl\/index.php\/2024\/02\/20\/la-tecnica-de-la-activacion-conductual\/\" \/>\n<meta property=\"og:locale\" content=\"es_ES\" \/>\n<meta property=\"og:type\" content=\"article\" \/>\n<meta property=\"og:title\" content=\"La t\u00e9cnica de la activaci\u00f3n conductual\" \/>\n<meta property=\"og:description\" content=\"\u00bfAlguna vez has sentido que te cuesta hacer cosas, tus desaf\u00edos te parecen abrumadores? La Activaci\u00f3n Conductual (AC) podr\u00eda ser tu soluci\u00f3n.\" \/>\n<meta property=\"og:url\" content=\"https:\/\/aquicontigo.uestatales.cl\/index.php\/2024\/02\/20\/la-tecnica-de-la-activacion-conductual\/\" \/>\n<meta property=\"og:site_name\" content=\"Aqu\u00ed Contigo\" \/>\n<meta property=\"article:published_time\" content=\"2024-02-20T13:33:32+00:00\" \/>\n<meta property=\"article:modified_time\" content=\"2024-07-15T21:27:42+00:00\" \/>\n<meta property=\"og:image\" content=\"https:\/\/aquicontigo.uestatales.cl\/wp-content\/uploads\/2024\/02\/activacion-conductual-1-scaled.jpg\" \/>\n\t<meta property=\"og:image:width\" content=\"2560\" \/>\n\t<meta property=\"og:image:height\" content=\"1707\" \/>\n\t<meta property=\"og:image:type\" content=\"image\/jpeg\" \/>\n<meta name=\"author\" content=\"Alex Mu\u00f1oz Iba\u00f1ez\" \/>\n<meta name=\"twitter:card\" content=\"summary_large_image\" \/>\n<meta name=\"twitter:label1\" content=\"Escrito por\" \/>\n\t<meta name=\"twitter:data1\" content=\"Alex Mu\u00f1oz Iba\u00f1ez\" \/>\n\t<meta name=\"twitter:label2\" content=\"Tiempo de lectura\" \/>\n\t<meta name=\"twitter:data2\" content=\"6 minutos\" \/>\n<script type=\"application\/ld+json\" class=\"yoast-schema-graph\">{\"@context\":\"https:\\\/\\\/schema.org\",\"@graph\":[{\"@type\":\"Article\",\"@id\":\"https:\\\/\\\/aquicontigo.uestatales.cl\\\/index.php\\\/2024\\\/02\\\/20\\\/la-tecnica-de-la-activacion-conductual\\\/#article\",\"isPartOf\":{\"@id\":\"https:\\\/\\\/aquicontigo.uestatales.cl\\\/index.php\\\/2024\\\/02\\\/20\\\/la-tecnica-de-la-activacion-conductual\\\/\"},\"author\":{\"name\":\"Alex Mu\u00f1oz Iba\u00f1ez\",\"@id\":\"https:\\\/\\\/aquicontigo.uestatales.cl\\\/#\\\/schema\\\/person\\\/65514b8053eae9120b93cc6f4b5f0580\"},\"headline\":\"La t\u00e9cnica de la activaci\u00f3n conductual\",\"datePublished\":\"2024-02-20T13:33:32+00:00\",\"dateModified\":\"2024-07-15T21:27:42+00:00\",\"mainEntityOfPage\":{\"@id\":\"https:\\\/\\\/aquicontigo.uestatales.cl\\\/index.php\\\/2024\\\/02\\\/20\\\/la-tecnica-de-la-activacion-conductual\\\/\"},\"wordCount\":1762,\"publisher\":{\"@id\":\"https:\\\/\\\/aquicontigo.uestatales.cl\\\/#organization\"},\"image\":{\"@id\":\"https:\\\/\\\/aquicontigo.uestatales.cl\\\/index.php\\\/2024\\\/02\\\/20\\\/la-tecnica-de-la-activacion-conductual\\\/#primaryimage\"},\"thumbnailUrl\":\"https:\\\/\\\/aquicontigo.uestatales.cl\\\/wp-content\\\/uploads\\\/2024\\\/02\\\/activacion-conductual-1-scaled.jpg\",\"articleSection\":[\"Estrategias para cuidar mi salud mental\"],\"inLanguage\":\"es\"},{\"@type\":\"WebPage\",\"@id\":\"https:\\\/\\\/aquicontigo.uestatales.cl\\\/index.php\\\/2024\\\/02\\\/20\\\/la-tecnica-de-la-activacion-conductual\\\/\",\"url\":\"https:\\\/\\\/aquicontigo.uestatales.cl\\\/index.php\\\/2024\\\/02\\\/20\\\/la-tecnica-de-la-activacion-conductual\\\/\",\"name\":\"La t\u00e9cnica de la activaci\u00f3n conductual\",\"isPartOf\":{\"@id\":\"https:\\\/\\\/aquicontigo.uestatales.cl\\\/#website\"},\"primaryImageOfPage\":{\"@id\":\"https:\\\/\\\/aquicontigo.uestatales.cl\\\/index.php\\\/2024\\\/02\\\/20\\\/la-tecnica-de-la-activacion-conductual\\\/#primaryimage\"},\"image\":{\"@id\":\"https:\\\/\\\/aquicontigo.uestatales.cl\\\/index.php\\\/2024\\\/02\\\/20\\\/la-tecnica-de-la-activacion-conductual\\\/#primaryimage\"},\"thumbnailUrl\":\"https:\\\/\\\/aquicontigo.uestatales.cl\\\/wp-content\\\/uploads\\\/2024\\\/02\\\/activacion-conductual-1-scaled.jpg\",\"datePublished\":\"2024-02-20T13:33:32+00:00\",\"dateModified\":\"2024-07-15T21:27:42+00:00\",\"description\":\"\u00bfAlguna vez has sentido que te cuesta hacer cosas, tus desaf\u00edos te parecen abrumadores? La Activaci\u00f3n Conductual (AC) podr\u00eda ser tu soluci\u00f3n.\",\"breadcrumb\":{\"@id\":\"https:\\\/\\\/aquicontigo.uestatales.cl\\\/index.php\\\/2024\\\/02\\\/20\\\/la-tecnica-de-la-activacion-conductual\\\/#breadcrumb\"},\"inLanguage\":\"es\",\"potentialAction\":[{\"@type\":\"ReadAction\",\"target\":[\"https:\\\/\\\/aquicontigo.uestatales.cl\\\/index.php\\\/2024\\\/02\\\/20\\\/la-tecnica-de-la-activacion-conductual\\\/\"]}]},{\"@type\":\"ImageObject\",\"inLanguage\":\"es\",\"@id\":\"https:\\\/\\\/aquicontigo.uestatales.cl\\\/index.php\\\/2024\\\/02\\\/20\\\/la-tecnica-de-la-activacion-conductual\\\/#primaryimage\",\"url\":\"https:\\\/\\\/aquicontigo.uestatales.cl\\\/wp-content\\\/uploads\\\/2024\\\/02\\\/activacion-conductual-1-scaled.jpg\",\"contentUrl\":\"https:\\\/\\\/aquicontigo.uestatales.cl\\\/wp-content\\\/uploads\\\/2024\\\/02\\\/activacion-conductual-1-scaled.jpg\",\"width\":2560,\"height\":1707,\"caption\":\"Dementia and parkinson's disease, ADHD, composition for head disease theme\"},{\"@type\":\"BreadcrumbList\",\"@id\":\"https:\\\/\\\/aquicontigo.uestatales.cl\\\/index.php\\\/2024\\\/02\\\/20\\\/la-tecnica-de-la-activacion-conductual\\\/#breadcrumb\",\"itemListElement\":[{\"@type\":\"ListItem\",\"position\":1,\"name\":\"Portada\",\"item\":\"https:\\\/\\\/aquicontigo.uestatales.cl\\\/\"},{\"@type\":\"ListItem\",\"position\":2,\"name\":\"La t\u00e9cnica de la activaci\u00f3n conductual\"}]},{\"@type\":\"WebSite\",\"@id\":\"https:\\\/\\\/aquicontigo.uestatales.cl\\\/#website\",\"url\":\"https:\\\/\\\/aquicontigo.uestatales.cl\\\/\",\"name\":\"Aqu\u00ed Contigo\",\"description\":\"Portal de prevenci\u00f3n y promoci\u00f3n de  salud mental, dirigida a estudiantes universitarios\\\/as\",\"publisher\":{\"@id\":\"https:\\\/\\\/aquicontigo.uestatales.cl\\\/#organization\"},\"potentialAction\":[{\"@type\":\"SearchAction\",\"target\":{\"@type\":\"EntryPoint\",\"urlTemplate\":\"https:\\\/\\\/aquicontigo.uestatales.cl\\\/?s={search_term_string}\"},\"query-input\":{\"@type\":\"PropertyValueSpecification\",\"valueRequired\":true,\"valueName\":\"search_term_string\"}}],\"inLanguage\":\"es\"},{\"@type\":\"Organization\",\"@id\":\"https:\\\/\\\/aquicontigo.uestatales.cl\\\/#organization\",\"name\":\"Red de Salud Digital de Universidades del Estado\",\"alternateName\":\"RSDUE\",\"url\":\"https:\\\/\\\/aquicontigo.uestatales.cl\\\/\",\"logo\":{\"@type\":\"ImageObject\",\"inLanguage\":\"es\",\"@id\":\"https:\\\/\\\/aquicontigo.uestatales.cl\\\/#\\\/schema\\\/logo\\\/image\\\/\",\"url\":\"https:\\\/\\\/aquicontigo.uestatales.cl\\\/wp-content\\\/uploads\\\/2023\\\/11\\\/logo_rsdue_color.png\",\"contentUrl\":\"https:\\\/\\\/aquicontigo.uestatales.cl\\\/wp-content\\\/uploads\\\/2023\\\/11\\\/logo_rsdue_color.png\",\"width\":1475,\"height\":494,\"caption\":\"Red de Salud Digital de Universidades del Estado\"},\"image\":{\"@id\":\"https:\\\/\\\/aquicontigo.uestatales.cl\\\/#\\\/schema\\\/logo\\\/image\\\/\"}},{\"@type\":\"Person\",\"@id\":\"https:\\\/\\\/aquicontigo.uestatales.cl\\\/#\\\/schema\\\/person\\\/65514b8053eae9120b93cc6f4b5f0580\",\"name\":\"Alex Mu\u00f1oz Iba\u00f1ez\",\"image\":{\"@type\":\"ImageObject\",\"inLanguage\":\"es\",\"@id\":\"https:\\\/\\\/secure.gravatar.com\\\/avatar\\\/6478615c34c4d6e3ef731179670c9365b37cc7f69199ad5788b86b32dea7d13c?s=96&d=mm&r=g\",\"url\":\"https:\\\/\\\/secure.gravatar.com\\\/avatar\\\/6478615c34c4d6e3ef731179670c9365b37cc7f69199ad5788b86b32dea7d13c?s=96&d=mm&r=g\",\"contentUrl\":\"https:\\\/\\\/secure.gravatar.com\\\/avatar\\\/6478615c34c4d6e3ef731179670c9365b37cc7f69199ad5788b86b32dea7d13c?s=96&d=mm&r=g\",\"caption\":\"Alex Mu\u00f1oz Iba\u00f1ez\"}}]}<\/script>\n<!-- \/ Yoast SEO plugin. -->","yoast_head_json":{"title":"La t\u00e9cnica de la activaci\u00f3n conductual","description":"\u00bfAlguna vez has sentido que te cuesta hacer cosas, tus desaf\u00edos te parecen abrumadores? La Activaci\u00f3n Conductual (AC) podr\u00eda ser tu soluci\u00f3n.","robots":{"index":"index","follow":"follow","max-snippet":"max-snippet:-1","max-image-preview":"max-image-preview:large","max-video-preview":"max-video-preview:-1"},"canonical":"https:\/\/aquicontigo.uestatales.cl\/index.php\/2024\/02\/20\/la-tecnica-de-la-activacion-conductual\/","og_locale":"es_ES","og_type":"article","og_title":"La t\u00e9cnica de la activaci\u00f3n conductual","og_description":"\u00bfAlguna vez has sentido que te cuesta hacer cosas, tus desaf\u00edos te parecen abrumadores? La Activaci\u00f3n Conductual (AC) podr\u00eda ser tu soluci\u00f3n.","og_url":"https:\/\/aquicontigo.uestatales.cl\/index.php\/2024\/02\/20\/la-tecnica-de-la-activacion-conductual\/","og_site_name":"Aqu\u00ed Contigo","article_published_time":"2024-02-20T13:33:32+00:00","article_modified_time":"2024-07-15T21:27:42+00:00","og_image":[{"width":2560,"height":1707,"url":"https:\/\/aquicontigo.uestatales.cl\/wp-content\/uploads\/2024\/02\/activacion-conductual-1-scaled.jpg","type":"image\/jpeg"}],"author":"Alex Mu\u00f1oz Iba\u00f1ez","twitter_card":"summary_large_image","twitter_misc":{"Escrito por":"Alex Mu\u00f1oz Iba\u00f1ez","Tiempo de lectura":"6 minutos"},"schema":{"@context":"https:\/\/schema.org","@graph":[{"@type":"Article","@id":"https:\/\/aquicontigo.uestatales.cl\/index.php\/2024\/02\/20\/la-tecnica-de-la-activacion-conductual\/#article","isPartOf":{"@id":"https:\/\/aquicontigo.uestatales.cl\/index.php\/2024\/02\/20\/la-tecnica-de-la-activacion-conductual\/"},"author":{"name":"Alex Mu\u00f1oz Iba\u00f1ez","@id":"https:\/\/aquicontigo.uestatales.cl\/#\/schema\/person\/65514b8053eae9120b93cc6f4b5f0580"},"headline":"La t\u00e9cnica de la activaci\u00f3n conductual","datePublished":"2024-02-20T13:33:32+00:00","dateModified":"2024-07-15T21:27:42+00:00","mainEntityOfPage":{"@id":"https:\/\/aquicontigo.uestatales.cl\/index.php\/2024\/02\/20\/la-tecnica-de-la-activacion-conductual\/"},"wordCount":1762,"publisher":{"@id":"https:\/\/aquicontigo.uestatales.cl\/#organization"},"image":{"@id":"https:\/\/aquicontigo.uestatales.cl\/index.php\/2024\/02\/20\/la-tecnica-de-la-activacion-conductual\/#primaryimage"},"thumbnailUrl":"https:\/\/aquicontigo.uestatales.cl\/wp-content\/uploads\/2024\/02\/activacion-conductual-1-scaled.jpg","articleSection":["Estrategias para cuidar mi salud mental"],"inLanguage":"es"},{"@type":"WebPage","@id":"https:\/\/aquicontigo.uestatales.cl\/index.php\/2024\/02\/20\/la-tecnica-de-la-activacion-conductual\/","url":"https:\/\/aquicontigo.uestatales.cl\/index.php\/2024\/02\/20\/la-tecnica-de-la-activacion-conductual\/","name":"La t\u00e9cnica de la activaci\u00f3n conductual","isPartOf":{"@id":"https:\/\/aquicontigo.uestatales.cl\/#website"},"primaryImageOfPage":{"@id":"https:\/\/aquicontigo.uestatales.cl\/index.php\/2024\/02\/20\/la-tecnica-de-la-activacion-conductual\/#primaryimage"},"image":{"@id":"https:\/\/aquicontigo.uestatales.cl\/index.php\/2024\/02\/20\/la-tecnica-de-la-activacion-conductual\/#primaryimage"},"thumbnailUrl":"https:\/\/aquicontigo.uestatales.cl\/wp-content\/uploads\/2024\/02\/activacion-conductual-1-scaled.jpg","datePublished":"2024-02-20T13:33:32+00:00","dateModified":"2024-07-15T21:27:42+00:00","description":"\u00bfAlguna vez has sentido que te cuesta hacer cosas, tus desaf\u00edos te parecen abrumadores? La Activaci\u00f3n Conductual (AC) podr\u00eda ser tu soluci\u00f3n.","breadcrumb":{"@id":"https:\/\/aquicontigo.uestatales.cl\/index.php\/2024\/02\/20\/la-tecnica-de-la-activacion-conductual\/#breadcrumb"},"inLanguage":"es","potentialAction":[{"@type":"ReadAction","target":["https:\/\/aquicontigo.uestatales.cl\/index.php\/2024\/02\/20\/la-tecnica-de-la-activacion-conductual\/"]}]},{"@type":"ImageObject","inLanguage":"es","@id":"https:\/\/aquicontigo.uestatales.cl\/index.php\/2024\/02\/20\/la-tecnica-de-la-activacion-conductual\/#primaryimage","url":"https:\/\/aquicontigo.uestatales.cl\/wp-content\/uploads\/2024\/02\/activacion-conductual-1-scaled.jpg","contentUrl":"https:\/\/aquicontigo.uestatales.cl\/wp-content\/uploads\/2024\/02\/activacion-conductual-1-scaled.jpg","width":2560,"height":1707,"caption":"Dementia and parkinson's disease, ADHD, composition for head disease theme"},{"@type":"BreadcrumbList","@id":"https:\/\/aquicontigo.uestatales.cl\/index.php\/2024\/02\/20\/la-tecnica-de-la-activacion-conductual\/#breadcrumb","itemListElement":[{"@type":"ListItem","position":1,"name":"Portada","item":"https:\/\/aquicontigo.uestatales.cl\/"},{"@type":"ListItem","position":2,"name":"La t\u00e9cnica de la activaci\u00f3n conductual"}]},{"@type":"WebSite","@id":"https:\/\/aquicontigo.uestatales.cl\/#website","url":"https:\/\/aquicontigo.uestatales.cl\/","name":"Aqu\u00ed Contigo","description":"Portal de prevenci\u00f3n y promoci\u00f3n de  salud mental, dirigida a estudiantes universitarios\/as","publisher":{"@id":"https:\/\/aquicontigo.uestatales.cl\/#organization"},"potentialAction":[{"@type":"SearchAction","target":{"@type":"EntryPoint","urlTemplate":"https:\/\/aquicontigo.uestatales.cl\/?s={search_term_string}"},"query-input":{"@type":"PropertyValueSpecification","valueRequired":true,"valueName":"search_term_string"}}],"inLanguage":"es"},{"@type":"Organization","@id":"https:\/\/aquicontigo.uestatales.cl\/#organization","name":"Red de Salud Digital de Universidades del Estado","alternateName":"RSDUE","url":"https:\/\/aquicontigo.uestatales.cl\/","logo":{"@type":"ImageObject","inLanguage":"es","@id":"https:\/\/aquicontigo.uestatales.cl\/#\/schema\/logo\/image\/","url":"https:\/\/aquicontigo.uestatales.cl\/wp-content\/uploads\/2023\/11\/logo_rsdue_color.png","contentUrl":"https:\/\/aquicontigo.uestatales.cl\/wp-content\/uploads\/2023\/11\/logo_rsdue_color.png","width":1475,"height":494,"caption":"Red de Salud Digital de Universidades del Estado"},"image":{"@id":"https:\/\/aquicontigo.uestatales.cl\/#\/schema\/logo\/image\/"}},{"@type":"Person","@id":"https:\/\/aquicontigo.uestatales.cl\/#\/schema\/person\/65514b8053eae9120b93cc6f4b5f0580","name":"Alex Mu\u00f1oz Iba\u00f1ez","image":{"@type":"ImageObject","inLanguage":"es","@id":"https:\/\/secure.gravatar.com\/avatar\/6478615c34c4d6e3ef731179670c9365b37cc7f69199ad5788b86b32dea7d13c?s=96&d=mm&r=g","url":"https:\/\/secure.gravatar.com\/avatar\/6478615c34c4d6e3ef731179670c9365b37cc7f69199ad5788b86b32dea7d13c?s=96&d=mm&r=g","contentUrl":"https:\/\/secure.gravatar.com\/avatar\/6478615c34c4d6e3ef731179670c9365b37cc7f69199ad5788b86b32dea7d13c?s=96&d=mm&r=g","caption":"Alex Mu\u00f1oz Iba\u00f1ez"}}]}},"_links":{"self":[{"href":"https:\/\/aquicontigo.uestatales.cl\/index.php\/wp-json\/wp\/v2\/posts\/743","targetHints":{"allow":["GET"]}}],"collection":[{"href":"https:\/\/aquicontigo.uestatales.cl\/index.php\/wp-json\/wp\/v2\/posts"}],"about":[{"href":"https:\/\/aquicontigo.uestatales.cl\/index.php\/wp-json\/wp\/v2\/types\/post"}],"author":[{"embeddable":true,"href":"https:\/\/aquicontigo.uestatales.cl\/index.php\/wp-json\/wp\/v2\/users\/22"}],"replies":[{"embeddable":true,"href":"https:\/\/aquicontigo.uestatales.cl\/index.php\/wp-json\/wp\/v2\/comments?post=743"}],"version-history":[{"count":21,"href":"https:\/\/aquicontigo.uestatales.cl\/index.php\/wp-json\/wp\/v2\/posts\/743\/revisions"}],"predecessor-version":[{"id":2351,"href":"https:\/\/aquicontigo.uestatales.cl\/index.php\/wp-json\/wp\/v2\/posts\/743\/revisions\/2351"}],"wp:featuredmedia":[{"embeddable":true,"href":"https:\/\/aquicontigo.uestatales.cl\/index.php\/wp-json\/wp\/v2\/media\/1153"}],"wp:attachment":[{"href":"https:\/\/aquicontigo.uestatales.cl\/index.php\/wp-json\/wp\/v2\/media?parent=743"}],"wp:term":[{"taxonomy":"category","embeddable":true,"href":"https:\/\/aquicontigo.uestatales.cl\/index.php\/wp-json\/wp\/v2\/categories?post=743"},{"taxonomy":"post_tag","embeddable":true,"href":"https:\/\/aquicontigo.uestatales.cl\/index.php\/wp-json\/wp\/v2\/tags?post=743"}],"curies":[{"name":"wp","href":"https:\/\/api.w.org\/{rel}","templated":true}]}}