{"id":736,"date":"2024-02-20T13:12:17","date_gmt":"2024-02-20T13:12:17","guid":{"rendered":"https:\/\/devrsduemental.iie.cl\/?p=736"},"modified":"2024-07-18T10:36:28","modified_gmt":"2024-07-18T14:36:28","slug":"matriz-para-la-organizacion-del-tiempo","status":"publish","type":"post","link":"https:\/\/aquicontigo.uestatales.cl\/index.php\/2024\/02\/20\/matriz-para-la-organizacion-del-tiempo\/","title":{"rendered":"Matriz para la Organizaci\u00f3n del tiempo"},"content":{"rendered":"[vc_row type=&#8221;full_width_content&#8221; full_screen_row_position=&#8221;middle&#8221; column_margin=&#8221;30px&#8221; column_direction=&#8221;default&#8221; column_direction_tablet=&#8221;default&#8221; column_direction_phone=&#8221;column_reverse&#8221; scene_position=&#8221;center&#8221; top_padding=&#8221;8%&#8221; bottom_padding=&#8221;8%&#8221; left_padding_desktop=&#8221;5%&#8221; constrain_group_2=&#8221;yes&#8221; right_padding_desktop=&#8221;5%&#8221; constrain_group_6=&#8221;yes&#8221; text_color=&#8221;dark&#8221; text_align=&#8221;left&#8221; row_border_radius=&#8221;none&#8221; row_border_radius_applies=&#8221;bg&#8221; overflow=&#8221;visible&#8221; id=&#8221;big-content-toggles&#8221; advanced_gradient_angle=&#8221;0&#8243; overlay_strength=&#8221;0.3&#8243; gradient_direction=&#8221;left_to_right&#8221; shape_divider_position=&#8221;bottom&#8221; bg_image_animation=&#8221;none&#8221; gradient_type=&#8221;default&#8221; shape_type=&#8221;&#8221;][vc_column left_padding_tablet=&#8221;0&#8243; right_padding_tablet=&#8221;0&#8243; column_element_direction_desktop=&#8221;default&#8221; column_element_spacing=&#8221;default&#8221; desktop_text_alignment=&#8221;default&#8221; tablet_text_alignment=&#8221;default&#8221; phone_text_alignment=&#8221;default&#8221; sticky_content=&#8221;true&#8221; sticky_content_functionality=&#8221;css&#8221; sticky_content_alignment=&#8221;middle&#8221; background_color_opacity=&#8221;1&#8243; background_hover_color_opacity=&#8221;1&#8243; column_backdrop_filter=&#8221;none&#8221; column_shadow=&#8221;none&#8221; column_border_radius=&#8221;none&#8221; column_link_target=&#8221;_self&#8221; column_position=&#8221;default&#8221; el_class=&#8221;links-container&#8221; gradient_direction=&#8221;left_to_right&#8221; overlay_strength=&#8221;0.3&#8243; width=&#8221;1\/4&#8243; tablet_width_inherit=&#8221;default&#8221; animation_type=&#8221;default&#8221; bg_image_animation=&#8221;none&#8221; border_type=&#8221;simple&#8221; column_border_width=&#8221;none&#8221; column_border_style=&#8221;solid&#8221; column_padding_type=&#8221;advanced&#8221; gradient_type=&#8221;default&#8221;][vc_column_text]\n<h5>Enlaces en este post<\/h5>\n[\/vc_column_text][vc_column_text]<a href=\"https:\/\/summer.harvard.edu\/blog\/8-time-management-tips-for-students\/\">8 consejos de gesti\u00f3n del tiempo para estudiantes. (ENG)<\/a>[\/vc_column_text][vc_column_text]<a href=\"https:\/\/www.timeshighereducation.com\/student\/advice\/how-manage-your-time-university-student\">C\u00f3mo gestionar tu tiempo como estudiante universitario. (ENG)<\/a>[\/vc_column_text][vc_column_text]\n<h5>Documentos en este post<\/h5>\n[\/vc_column_text]<div class=\"iwithtext\"><div class=\"iwt-icon\"> <img decoding=\"async\" src=\"https:\/\/aquicontigo.uestatales.cl\/wp-content\/uploads\/2024\/02\/Artboard-14.svg\" alt=\"\" \/> <\/div><div class=\"iwt-text\"> <a href=\"http:\/\/www.ugr.es\/~ve\/pdf\/tiempo.pdf\" target=\"_blank\" rel=\"noopener\">Organizaci\u00f3n del tiempo<\/a> <\/div><div class=\"clear\"><\/div><\/div><div class=\"iwithtext\"><div class=\"iwt-icon\"> <img decoding=\"async\" src=\"https:\/\/aquicontigo.uestatales.cl\/wp-content\/uploads\/2024\/02\/Artboard-14.svg\" alt=\"\" \/> <\/div><div class=\"iwt-text\"> <a href=\"https:\/\/www.academia.edu\/5052719\/La_atenci%C3%B3n_un_proceso_psicol%C3%B3gico_b%C3%A1sico_\" target=\"_blank\" rel=\"noopener\">La atenci\u00f3n: un proceso psicol\u00f3gico b\u00e1sico<\/a> <\/div><div class=\"clear\"><\/div><\/div>[\/vc_column][vc_column column_padding=&#8221;no-extra-padding&#8221; column_padding_tablet=&#8221;inherit&#8221; column_padding_phone=&#8221;inherit&#8221; column_padding_position=&#8221;all&#8221; top_margin=&#8221;-7.5%&#8221; top_margin_tablet=&#8221;-10%&#8221; column_element_direction_desktop=&#8221;default&#8221; column_element_spacing=&#8221;0px&#8221; desktop_text_alignment=&#8221;default&#8221; tablet_text_alignment=&#8221;default&#8221; phone_text_alignment=&#8221;default&#8221; background_color_opacity=&#8221;1&#8243; background_hover_color_opacity=&#8221;1&#8243; column_backdrop_filter=&#8221;none&#8221; column_shadow=&#8221;none&#8221; column_border_radius=&#8221;none&#8221; column_link_target=&#8221;_self&#8221; column_position=&#8221;default&#8221; advanced_gradient_angle=&#8221;0&#8243; gradient_direction=&#8221;left_to_right&#8221; overlay_strength=&#8221;0.3&#8243; width=&#8221;3\/4&#8243; tablet_width_inherit=&#8221;default&#8221; animation_type=&#8221;default&#8221; bg_image_animation=&#8221;none&#8221; border_type=&#8221;simple&#8221; column_border_width=&#8221;none&#8221; column_border_style=&#8221;solid&#8221; gradient_type=&#8221;default&#8221; column_padding_type=&#8221;default&#8221;][vc_row_inner column_margin=&#8221;default&#8221; column_direction=&#8221;default&#8221; column_direction_tablet=&#8221;default&#8221; column_direction_phone=&#8221;default&#8221; text_align=&#8221;left&#8221; row_position=&#8221;default&#8221; row_position_tablet=&#8221;inherit&#8221; row_position_phone=&#8221;inherit&#8221; overflow=&#8221;visible&#8221; pointer_events=&#8221;all&#8221;][vc_column_inner column_padding=&#8221;no-extra-padding&#8221; column_padding_tablet=&#8221;inherit&#8221; column_padding_phone=&#8221;inherit&#8221; column_padding_position=&#8221;all&#8221; column_element_direction_desktop=&#8221;default&#8221; column_element_spacing=&#8221;default&#8221; desktop_text_alignment=&#8221;default&#8221; tablet_text_alignment=&#8221;default&#8221; phone_text_alignment=&#8221;default&#8221; background_color_opacity=&#8221;1&#8243; background_hover_color_opacity=&#8221;1&#8243; column_backdrop_filter=&#8221;none&#8221; column_shadow=&#8221;none&#8221; column_border_radius=&#8221;none&#8221; column_link_target=&#8221;_self&#8221; overflow=&#8221;visible&#8221; gradient_direction=&#8221;left_to_right&#8221; overlay_strength=&#8221;0.3&#8243; width=&#8221;1\/2&#8243; tablet_width_inherit=&#8221;default&#8221; animation_type=&#8221;default&#8221; bg_image_animation=&#8221;none&#8221; border_type=&#8221;simple&#8221; column_border_width=&#8221;none&#8221; column_border_style=&#8221;solid&#8221; column_padding_type=&#8221;default&#8221; gradient_type=&#8221;default&#8221; offset=&#8221;vc_col-xs-6&#8243;][vc_custom_heading text=&#8221;Autores\/as&#8221; font_container=&#8221;tag:h4|text_align:left&#8221; google_fonts=&#8221;font_family:Roboto%3A100%2C100italic%2C300%2C300italic%2Cregular%2Citalic%2C500%2C500italic%2C700%2C700italic%2C900%2C900italic|font_style:400%20regular%3A400%3Anormal&#8221;][vc_column_text]\n<p style=\"text-align: left; font-size: 14px;\">Equipo RSDUE<\/p>\n[\/vc_column_text][\/vc_column_inner][vc_column_inner column_element_direction_desktop=&#8221;default&#8221; column_element_spacing=&#8221;default&#8221; desktop_text_alignment=&#8221;default&#8221; tablet_text_alignment=&#8221;default&#8221; phone_text_alignment=&#8221;default&#8221; background_color_opacity=&#8221;1&#8243; background_hover_color_opacity=&#8221;1&#8243; column_backdrop_filter=&#8221;none&#8221; column_shadow=&#8221;none&#8221; column_border_radius=&#8221;none&#8221; column_link_target=&#8221;_self&#8221; overflow=&#8221;visible&#8221; gradient_direction=&#8221;left_to_right&#8221; overlay_strength=&#8221;0.3&#8243; width=&#8221;1\/2&#8243; tablet_width_inherit=&#8221;default&#8221; animation_type=&#8221;default&#8221; bg_image_animation=&#8221;none&#8221; border_type=&#8221;simple&#8221; column_border_width=&#8221;none&#8221; column_border_style=&#8221;solid&#8221; column_padding_type=&#8221;advanced&#8221; gradient_type=&#8221;default&#8221; offset=&#8221;vc_col-xs-6&#8243;][vc_custom_heading text=&#8221;Editores\/as&#8221; font_container=&#8221;tag:h4|text_align:left&#8221; google_fonts=&#8221;font_family:Roboto%3A100%2C100italic%2C300%2C300italic%2Cregular%2Citalic%2C500%2C500italic%2C700%2C700italic%2C900%2C900italic|font_style:400%20regular%3A400%3Anormal&#8221;][vc_column_text]\n<p style=\"text-align: left; font-size: 14px;\">Viviana Munita y Schirley Colman (UDA)<\/p>\n[\/vc_column_text][\/vc_column_inner][\/vc_row_inner][divider line_type=&#8221;Full Width Line&#8221; line_thickness=&#8221;3&#8243; divider_color=&#8221;default&#8221;][vc_column_text]\nLa siguiente matriz te permite reflexionar acerca de c\u00f3mo est\u00e1s utilizando tu tiempo, identificando aquello que est\u00e1s haciendo bien y aquello en lo que puedes mejorar. La matriz se compone de 2 variables principales, <b>importancia y urgencia<\/b>. La primera hace referencia a si las actividades aportan al cumplimiento de tus metas, mientras la segunda apunta hacia el tiempo disponible para cumplir determinada actividad.[\/vc_column_text][image_with_animation image_url=&#8221;737&#8243; image_size=&#8221;full&#8221; animation_type=&#8221;entrance&#8221; animation=&#8221;None&#8221; animation_movement_type=&#8221;transform_y&#8221; hover_animation=&#8221;none&#8221; alignment=&#8221;center&#8221; border_radius=&#8221;none&#8221; box_shadow=&#8221;none&#8221; image_loading=&#8221;default&#8221; max_width=&#8221;100%&#8221; max_width_mobile=&#8221;default&#8221; margin_top=&#8221;20px&#8221; margin_bottom=&#8221;20px&#8221;][vc_column_text]Revisemos a continuaci\u00f3n las posibles combinaciones.<\/p>\n<p><b>Importante &#8211; Urgente:<\/b> Son aquellas <b>actividades impostergables<\/b>. \u00bfUna entrega de informe ma\u00f1ana? \u00bfuna prueba en unas horas? Tu atenci\u00f3n y recursos son demandados por la actividad. Cuando no has podido planificarlo adecuadamente, suelen ser actividades que te causan estr\u00e9s.<\/p>\n<p><b>Importante \u2013 No Urgente:<\/b> Este es el cuadrante de la <b>planificaci\u00f3n<\/b>. Las actividades importantes ser\u00e1n aquellas que te interesan realizar, pues son <b>cruciales para el cumplimiento de tus metas.<\/b> No son urgentes, puede que sea estudiar sistem\u00e1ticamente para un ramo muy dif\u00edcil, o reunirte con un grupo de trabajo 2 horas cada semana para avanzar sistem\u00e1ticamente. Aqu\u00ed tambi\u00e9n es importante considerar <b>actividades no acad\u00e9micas,<\/b> pero que <b>aportan a tus metas y tu bienestar,<\/b> como la pr\u00e1ctica sistem\u00e1tica de alg\u00fan <b>deporte o pasatiempo relevante.<\/b><\/p>\n<p><b>No importante \u2013 Urgente: <\/b>Hay actividades que, por su urgencia, se disfrazan de importantes. La clave para identificarlas es cuestionarse <b>\u00bfSi no hago esta actividad, va a influir en algo respecto de mis objetivos?<\/b> Si la respuesta es no, probablemente est\u00e1s frente a una actividad descartable. Algunos ejemplos pueden ser una llamada telef\u00f3nica, revisar una historia en Instagram, ir a una fiesta o concierto, etc. Es muy importante que puedas medir el criterio de importancia en base a tus objetivos.<\/p>\n<p><b>No Urgente \u2013 No importante:<\/b> La misma pregunta propuesta en el cuadrante anterior es v\u00e1lida aqu\u00ed. Si no aporta a tus objetivos, es una actividad descartable. La diferencia es que aqu\u00ed hay actividades que no tienen presi\u00f3n de tiempo. Algunos ejemplos pueden ser ver una serie en Netflix (la serie va a seguir disponible mucho tiempo), jugar videojuegos, revisar regularmente RR.SS., entre otras.[\/vc_column_text][toggles style=&#8221;minimal&#8221;][toggle color=&#8221;Default&#8221; heading_tag=&#8221;default&#8221; heading_tag_functionality=&#8221;default&#8221; title=&#8221;\u00bfC\u00f3mo utilizar la matriz?&#8221;][vc_column_text]Ahora que sabes c\u00f3mo funciona cada cuadrante, te recomiendo algunas preguntas gu\u00edas para poder planificarte mejor.<\/p>\n<ol>\n<li>\u00bfC\u00f3mo has estado organizando tu tiempo actualmente? Identifica cu\u00e1les son los cuadrantes a los que les has dedicado m\u00e1s tiempo.<\/li>\n<li>Identifica actividades de los cuadrantes \u201cNo Importante\u201d y descarta algunas.<\/li>\n<li>Identifica actividades del cuadrante Importante \u2013 Urgente y resuelve r\u00e1pidamente todas las que puedas.<\/li>\n<li>Comienza a identificar actividades necesarias de incorporar en el cuadrante Importante \u2013 No Urgente. Tales como actividades de bienestar, o necesarias para cumplir tus metas en un mediano plazo.<\/li>\n<\/ol>\n<p><strong><span style=\"color: #4472c4;\">En la medida que puedas avanzar con las actividades del cuadrante importante \u2013 no urgente, te dar\u00e1s cuenta de que contar\u00e1s con algo m\u00e1s de tiempo libre, el cual podr\u00e1s dedicar a las actividades que desees con la tranquilidad de haber registrado avances en tus objetivos.<\/span><\/strong>[\/vc_column_text][\/toggle][toggle color=&#8221;Default&#8221; heading_tag=&#8221;default&#8221; heading_tag_functionality=&#8221;default&#8221; title=&#8221;Referencias&#8221;][vc_column_text]\n<p>Covey, S. R. (2003). Los 7 h\u00e1bitos de la gente altamente efectiva. Paid\u00f3s Plural.<\/p>\n<p>Gabinete Psicopedag\u00f3gico (2011). Organizaci\u00f3n del tiempo. Granada. Universidad de Granada. <a href=\"http:\/\/www.ugr.es\/~ve\/pdf\/tiempo.pdf\" target=\"_blank\" rel=\"noopener\">http:\/\/www.ugr.es\/~ve\/pdf\/tiempo.pdf<\/a><\/p>\n<p>Londo\u00f1o, L. (2009). La atenci\u00f3n: un proceso psicol\u00f3gico b\u00e1sico. Revista de la Facultad de Psicolog\u00eda Universidad Cooperativa de Colombia. Vol. 5, n\u00b0. 8. <a href=\"https:\/\/www.academia.edu\/5052719\/La_atenci%C3%B3n_un_proceso_psicol%C3%B3gico_b%C3%A1sico_\" target=\"_blank\" rel=\"noopener\">https:\/\/www.academia.edu\/5052719\/La_atenci%C3%B3n_un_proceso_psicol%C3%B3gico_b%C3%A1sico_<\/a><\/p>\n<p>Otras webs consultadas:<\/p>\n<p><a href=\"https:\/\/summer.harvard.edu\/blog\/8-time-management-tips-for-students\/\" target=\"_blank\" rel=\"noopener\">https:\/\/summer.harvard.edu\/blog\/8-time-management-tips-for-students\/<\/a><\/p>\n<p><a href=\"https:\/\/www.timeshighereducation.com\/student\/advice\/how-manage-your-time-university-student\" target=\"_blank\" rel=\"noopener\">https:\/\/www.timeshighereducation.com\/student\/advice\/how-manage-your-time-university-student<\/a><\/p>\n[\/vc_column_text][\/toggle][\/toggles][\/vc_column][\/vc_row]\n","protected":false},"excerpt":{"rendered":"<p>[vc_row type=&#8221;full_width_content&#8221; full_screen_row_position=&#8221;middle&#8221; column_margin=&#8221;30px&#8221; column_direction=&#8221;default&#8221; column_direction_tablet=&#8221;default&#8221; column_direction_phone=&#8221;column_reverse&#8221; scene_position=&#8221;center&#8221; top_padding=&#8221;8%&#8221; bottom_padding=&#8221;8%&#8221; left_padding_desktop=&#8221;5%&#8221; constrain_group_2=&#8221;yes&#8221; right_padding_desktop=&#8221;5%&#8221; constrain_group_6=&#8221;yes&#8221; text_color=&#8221;dark&#8221; text_align=&#8221;left&#8221; row_border_radius=&#8221;none&#8221; row_border_radius_applies=&#8221;bg&#8221; overflow=&#8221;visible&#8221; id=&#8221;big-content-toggles&#8221; advanced_gradient_angle=&#8221;0&#8243; overlay_strength=&#8221;0.3&#8243; gradient_direction=&#8221;left_to_right&#8221; shape_divider_position=&#8221;bottom&#8221; bg_image_animation=&#8221;none&#8221; gradient_type=&#8221;default&#8221; shape_type=&#8221;&#8221;][vc_column left_padding_tablet=&#8221;0&#8243; right_padding_tablet=&#8221;0&#8243; column_element_direction_desktop=&#8221;default&#8221;&#8230;<\/p>\n","protected":false},"author":22,"featured_media":1297,"comment_status":"closed","ping_status":"open","sticky":false,"template":"","format":"standard","meta":{"inline_featured_image":false,"footnotes":""},"categories":[274],"tags":[],"class_list":{"0":"post-736","1":"post","2":"type-post","3":"status-publish","4":"format-standard","5":"has-post-thumbnail","7":"category-estrategias-para-la-vida-universitaria"},"yoast_head":"<!-- This site is optimized with the Yoast SEO plugin v27.5 - https:\/\/yoast.com\/product\/yoast-seo-wordpress\/ -->\n<title>Matriz para la Organizaci\u00f3n del tiempo<\/title>\n<meta name=\"description\" content=\"\u00bfC\u00f3mo est\u00e1s utilizando tu tiempo? La matriz para la organizaci\u00f3n del tiempo te mostrar\u00e1 qu\u00e9 est\u00e1s haciendo bien y qu\u00e9 puedes mejorar.\" \/>\n<meta name=\"robots\" content=\"index, follow, max-snippet:-1, max-image-preview:large, max-video-preview:-1\" \/>\n<link rel=\"canonical\" href=\"https:\/\/aquicontigo.uestatales.cl\/index.php\/2024\/02\/20\/matriz-para-la-organizacion-del-tiempo\/\" \/>\n<meta property=\"og:locale\" content=\"es_ES\" \/>\n<meta property=\"og:type\" content=\"article\" \/>\n<meta property=\"og:title\" content=\"Matriz para la Organizaci\u00f3n del tiempo\" \/>\n<meta property=\"og:description\" content=\"\u00bfC\u00f3mo est\u00e1s utilizando tu tiempo? La matriz para la organizaci\u00f3n del tiempo te mostrar\u00e1 qu\u00e9 est\u00e1s haciendo bien y qu\u00e9 puedes mejorar.\" \/>\n<meta property=\"og:url\" content=\"https:\/\/aquicontigo.uestatales.cl\/index.php\/2024\/02\/20\/matriz-para-la-organizacion-del-tiempo\/\" \/>\n<meta property=\"og:site_name\" content=\"Aqu\u00ed Contigo\" \/>\n<meta property=\"article:published_time\" content=\"2024-02-20T13:12:17+00:00\" \/>\n<meta property=\"article:modified_time\" content=\"2024-07-18T14:36:28+00:00\" \/>\n<meta property=\"og:image\" content=\"https:\/\/aquicontigo.uestatales.cl\/wp-content\/uploads\/2024\/02\/Matriz-para-la-Organizacion-del-tiempo-2-scaled.jpg\" \/>\n\t<meta property=\"og:image:width\" content=\"2560\" \/>\n\t<meta property=\"og:image:height\" content=\"1707\" \/>\n\t<meta property=\"og:image:type\" content=\"image\/jpeg\" \/>\n<meta name=\"author\" content=\"Alex Mu\u00f1oz Iba\u00f1ez\" \/>\n<meta name=\"twitter:card\" content=\"summary_large_image\" \/>\n<meta name=\"twitter:label1\" content=\"Escrito por\" \/>\n\t<meta name=\"twitter:data1\" content=\"Alex Mu\u00f1oz Iba\u00f1ez\" \/>\n\t<meta name=\"twitter:label2\" content=\"Tiempo de lectura\" \/>\n\t<meta name=\"twitter:data2\" content=\"5 minutos\" \/>\n<script type=\"application\/ld+json\" class=\"yoast-schema-graph\">{\"@context\":\"https:\\\/\\\/schema.org\",\"@graph\":[{\"@type\":\"Article\",\"@id\":\"https:\\\/\\\/aquicontigo.uestatales.cl\\\/index.php\\\/2024\\\/02\\\/20\\\/matriz-para-la-organizacion-del-tiempo\\\/#article\",\"isPartOf\":{\"@id\":\"https:\\\/\\\/aquicontigo.uestatales.cl\\\/index.php\\\/2024\\\/02\\\/20\\\/matriz-para-la-organizacion-del-tiempo\\\/\"},\"author\":{\"name\":\"Alex Mu\u00f1oz Iba\u00f1ez\",\"@id\":\"https:\\\/\\\/aquicontigo.uestatales.cl\\\/#\\\/schema\\\/person\\\/65514b8053eae9120b93cc6f4b5f0580\"},\"headline\":\"Matriz para la Organizaci\u00f3n del tiempo\",\"datePublished\":\"2024-02-20T13:12:17+00:00\",\"dateModified\":\"2024-07-18T14:36:28+00:00\",\"mainEntityOfPage\":{\"@id\":\"https:\\\/\\\/aquicontigo.uestatales.cl\\\/index.php\\\/2024\\\/02\\\/20\\\/matriz-para-la-organizacion-del-tiempo\\\/\"},\"wordCount\":1429,\"publisher\":{\"@id\":\"https:\\\/\\\/aquicontigo.uestatales.cl\\\/#organization\"},\"image\":{\"@id\":\"https:\\\/\\\/aquicontigo.uestatales.cl\\\/index.php\\\/2024\\\/02\\\/20\\\/matriz-para-la-organizacion-del-tiempo\\\/#primaryimage\"},\"thumbnailUrl\":\"https:\\\/\\\/aquicontigo.uestatales.cl\\\/wp-content\\\/uploads\\\/2024\\\/02\\\/Matriz-para-la-Organizacion-del-tiempo-2-scaled.jpg\",\"articleSection\":[\"Estrategias para la vida universitaria\"],\"inLanguage\":\"es\"},{\"@type\":\"WebPage\",\"@id\":\"https:\\\/\\\/aquicontigo.uestatales.cl\\\/index.php\\\/2024\\\/02\\\/20\\\/matriz-para-la-organizacion-del-tiempo\\\/\",\"url\":\"https:\\\/\\\/aquicontigo.uestatales.cl\\\/index.php\\\/2024\\\/02\\\/20\\\/matriz-para-la-organizacion-del-tiempo\\\/\",\"name\":\"Matriz para la Organizaci\u00f3n del tiempo\",\"isPartOf\":{\"@id\":\"https:\\\/\\\/aquicontigo.uestatales.cl\\\/#website\"},\"primaryImageOfPage\":{\"@id\":\"https:\\\/\\\/aquicontigo.uestatales.cl\\\/index.php\\\/2024\\\/02\\\/20\\\/matriz-para-la-organizacion-del-tiempo\\\/#primaryimage\"},\"image\":{\"@id\":\"https:\\\/\\\/aquicontigo.uestatales.cl\\\/index.php\\\/2024\\\/02\\\/20\\\/matriz-para-la-organizacion-del-tiempo\\\/#primaryimage\"},\"thumbnailUrl\":\"https:\\\/\\\/aquicontigo.uestatales.cl\\\/wp-content\\\/uploads\\\/2024\\\/02\\\/Matriz-para-la-Organizacion-del-tiempo-2-scaled.jpg\",\"datePublished\":\"2024-02-20T13:12:17+00:00\",\"dateModified\":\"2024-07-18T14:36:28+00:00\",\"description\":\"\u00bfC\u00f3mo est\u00e1s utilizando tu tiempo? La matriz para la organizaci\u00f3n del tiempo te mostrar\u00e1 qu\u00e9 est\u00e1s haciendo bien y qu\u00e9 puedes mejorar.\",\"breadcrumb\":{\"@id\":\"https:\\\/\\\/aquicontigo.uestatales.cl\\\/index.php\\\/2024\\\/02\\\/20\\\/matriz-para-la-organizacion-del-tiempo\\\/#breadcrumb\"},\"inLanguage\":\"es\",\"potentialAction\":[{\"@type\":\"ReadAction\",\"target\":[\"https:\\\/\\\/aquicontigo.uestatales.cl\\\/index.php\\\/2024\\\/02\\\/20\\\/matriz-para-la-organizacion-del-tiempo\\\/\"]}]},{\"@type\":\"ImageObject\",\"inLanguage\":\"es\",\"@id\":\"https:\\\/\\\/aquicontigo.uestatales.cl\\\/index.php\\\/2024\\\/02\\\/20\\\/matriz-para-la-organizacion-del-tiempo\\\/#primaryimage\",\"url\":\"https:\\\/\\\/aquicontigo.uestatales.cl\\\/wp-content\\\/uploads\\\/2024\\\/02\\\/Matriz-para-la-Organizacion-del-tiempo-2-scaled.jpg\",\"contentUrl\":\"https:\\\/\\\/aquicontigo.uestatales.cl\\\/wp-content\\\/uploads\\\/2024\\\/02\\\/Matriz-para-la-Organizacion-del-tiempo-2-scaled.jpg\",\"width\":2560,\"height\":1707,\"caption\":\"Clock on concrete white wall\"},{\"@type\":\"BreadcrumbList\",\"@id\":\"https:\\\/\\\/aquicontigo.uestatales.cl\\\/index.php\\\/2024\\\/02\\\/20\\\/matriz-para-la-organizacion-del-tiempo\\\/#breadcrumb\",\"itemListElement\":[{\"@type\":\"ListItem\",\"position\":1,\"name\":\"Portada\",\"item\":\"https:\\\/\\\/aquicontigo.uestatales.cl\\\/\"},{\"@type\":\"ListItem\",\"position\":2,\"name\":\"Matriz para la Organizaci\u00f3n del tiempo\"}]},{\"@type\":\"WebSite\",\"@id\":\"https:\\\/\\\/aquicontigo.uestatales.cl\\\/#website\",\"url\":\"https:\\\/\\\/aquicontigo.uestatales.cl\\\/\",\"name\":\"Aqu\u00ed Contigo\",\"description\":\"Portal de prevenci\u00f3n y promoci\u00f3n de  salud mental, dirigida a estudiantes universitarios\\\/as\",\"publisher\":{\"@id\":\"https:\\\/\\\/aquicontigo.uestatales.cl\\\/#organization\"},\"potentialAction\":[{\"@type\":\"SearchAction\",\"target\":{\"@type\":\"EntryPoint\",\"urlTemplate\":\"https:\\\/\\\/aquicontigo.uestatales.cl\\\/?s={search_term_string}\"},\"query-input\":{\"@type\":\"PropertyValueSpecification\",\"valueRequired\":true,\"valueName\":\"search_term_string\"}}],\"inLanguage\":\"es\"},{\"@type\":\"Organization\",\"@id\":\"https:\\\/\\\/aquicontigo.uestatales.cl\\\/#organization\",\"name\":\"Red de Salud Digital de Universidades del Estado\",\"alternateName\":\"RSDUE\",\"url\":\"https:\\\/\\\/aquicontigo.uestatales.cl\\\/\",\"logo\":{\"@type\":\"ImageObject\",\"inLanguage\":\"es\",\"@id\":\"https:\\\/\\\/aquicontigo.uestatales.cl\\\/#\\\/schema\\\/logo\\\/image\\\/\",\"url\":\"https:\\\/\\\/aquicontigo.uestatales.cl\\\/wp-content\\\/uploads\\\/2023\\\/11\\\/logo_rsdue_color.png\",\"contentUrl\":\"https:\\\/\\\/aquicontigo.uestatales.cl\\\/wp-content\\\/uploads\\\/2023\\\/11\\\/logo_rsdue_color.png\",\"width\":1475,\"height\":494,\"caption\":\"Red de Salud Digital de Universidades del Estado\"},\"image\":{\"@id\":\"https:\\\/\\\/aquicontigo.uestatales.cl\\\/#\\\/schema\\\/logo\\\/image\\\/\"}},{\"@type\":\"Person\",\"@id\":\"https:\\\/\\\/aquicontigo.uestatales.cl\\\/#\\\/schema\\\/person\\\/65514b8053eae9120b93cc6f4b5f0580\",\"name\":\"Alex Mu\u00f1oz Iba\u00f1ez\",\"image\":{\"@type\":\"ImageObject\",\"inLanguage\":\"es\",\"@id\":\"https:\\\/\\\/secure.gravatar.com\\\/avatar\\\/6478615c34c4d6e3ef731179670c9365b37cc7f69199ad5788b86b32dea7d13c?s=96&d=mm&r=g\",\"url\":\"https:\\\/\\\/secure.gravatar.com\\\/avatar\\\/6478615c34c4d6e3ef731179670c9365b37cc7f69199ad5788b86b32dea7d13c?s=96&d=mm&r=g\",\"contentUrl\":\"https:\\\/\\\/secure.gravatar.com\\\/avatar\\\/6478615c34c4d6e3ef731179670c9365b37cc7f69199ad5788b86b32dea7d13c?s=96&d=mm&r=g\",\"caption\":\"Alex Mu\u00f1oz Iba\u00f1ez\"}}]}<\/script>\n<!-- \/ Yoast SEO plugin. -->","yoast_head_json":{"title":"Matriz para la Organizaci\u00f3n del tiempo","description":"\u00bfC\u00f3mo est\u00e1s utilizando tu tiempo? La matriz para la organizaci\u00f3n del tiempo te mostrar\u00e1 qu\u00e9 est\u00e1s haciendo bien y qu\u00e9 puedes mejorar.","robots":{"index":"index","follow":"follow","max-snippet":"max-snippet:-1","max-image-preview":"max-image-preview:large","max-video-preview":"max-video-preview:-1"},"canonical":"https:\/\/aquicontigo.uestatales.cl\/index.php\/2024\/02\/20\/matriz-para-la-organizacion-del-tiempo\/","og_locale":"es_ES","og_type":"article","og_title":"Matriz para la Organizaci\u00f3n del tiempo","og_description":"\u00bfC\u00f3mo est\u00e1s utilizando tu tiempo? La matriz para la organizaci\u00f3n del tiempo te mostrar\u00e1 qu\u00e9 est\u00e1s haciendo bien y qu\u00e9 puedes mejorar.","og_url":"https:\/\/aquicontigo.uestatales.cl\/index.php\/2024\/02\/20\/matriz-para-la-organizacion-del-tiempo\/","og_site_name":"Aqu\u00ed Contigo","article_published_time":"2024-02-20T13:12:17+00:00","article_modified_time":"2024-07-18T14:36:28+00:00","og_image":[{"width":2560,"height":1707,"url":"https:\/\/aquicontigo.uestatales.cl\/wp-content\/uploads\/2024\/02\/Matriz-para-la-Organizacion-del-tiempo-2-scaled.jpg","type":"image\/jpeg"}],"author":"Alex Mu\u00f1oz Iba\u00f1ez","twitter_card":"summary_large_image","twitter_misc":{"Escrito por":"Alex Mu\u00f1oz Iba\u00f1ez","Tiempo de lectura":"5 minutos"},"schema":{"@context":"https:\/\/schema.org","@graph":[{"@type":"Article","@id":"https:\/\/aquicontigo.uestatales.cl\/index.php\/2024\/02\/20\/matriz-para-la-organizacion-del-tiempo\/#article","isPartOf":{"@id":"https:\/\/aquicontigo.uestatales.cl\/index.php\/2024\/02\/20\/matriz-para-la-organizacion-del-tiempo\/"},"author":{"name":"Alex Mu\u00f1oz Iba\u00f1ez","@id":"https:\/\/aquicontigo.uestatales.cl\/#\/schema\/person\/65514b8053eae9120b93cc6f4b5f0580"},"headline":"Matriz para la Organizaci\u00f3n del tiempo","datePublished":"2024-02-20T13:12:17+00:00","dateModified":"2024-07-18T14:36:28+00:00","mainEntityOfPage":{"@id":"https:\/\/aquicontigo.uestatales.cl\/index.php\/2024\/02\/20\/matriz-para-la-organizacion-del-tiempo\/"},"wordCount":1429,"publisher":{"@id":"https:\/\/aquicontigo.uestatales.cl\/#organization"},"image":{"@id":"https:\/\/aquicontigo.uestatales.cl\/index.php\/2024\/02\/20\/matriz-para-la-organizacion-del-tiempo\/#primaryimage"},"thumbnailUrl":"https:\/\/aquicontigo.uestatales.cl\/wp-content\/uploads\/2024\/02\/Matriz-para-la-Organizacion-del-tiempo-2-scaled.jpg","articleSection":["Estrategias para la vida universitaria"],"inLanguage":"es"},{"@type":"WebPage","@id":"https:\/\/aquicontigo.uestatales.cl\/index.php\/2024\/02\/20\/matriz-para-la-organizacion-del-tiempo\/","url":"https:\/\/aquicontigo.uestatales.cl\/index.php\/2024\/02\/20\/matriz-para-la-organizacion-del-tiempo\/","name":"Matriz para la Organizaci\u00f3n del tiempo","isPartOf":{"@id":"https:\/\/aquicontigo.uestatales.cl\/#website"},"primaryImageOfPage":{"@id":"https:\/\/aquicontigo.uestatales.cl\/index.php\/2024\/02\/20\/matriz-para-la-organizacion-del-tiempo\/#primaryimage"},"image":{"@id":"https:\/\/aquicontigo.uestatales.cl\/index.php\/2024\/02\/20\/matriz-para-la-organizacion-del-tiempo\/#primaryimage"},"thumbnailUrl":"https:\/\/aquicontigo.uestatales.cl\/wp-content\/uploads\/2024\/02\/Matriz-para-la-Organizacion-del-tiempo-2-scaled.jpg","datePublished":"2024-02-20T13:12:17+00:00","dateModified":"2024-07-18T14:36:28+00:00","description":"\u00bfC\u00f3mo est\u00e1s utilizando tu tiempo? La matriz para la organizaci\u00f3n del tiempo te mostrar\u00e1 qu\u00e9 est\u00e1s haciendo bien y qu\u00e9 puedes mejorar.","breadcrumb":{"@id":"https:\/\/aquicontigo.uestatales.cl\/index.php\/2024\/02\/20\/matriz-para-la-organizacion-del-tiempo\/#breadcrumb"},"inLanguage":"es","potentialAction":[{"@type":"ReadAction","target":["https:\/\/aquicontigo.uestatales.cl\/index.php\/2024\/02\/20\/matriz-para-la-organizacion-del-tiempo\/"]}]},{"@type":"ImageObject","inLanguage":"es","@id":"https:\/\/aquicontigo.uestatales.cl\/index.php\/2024\/02\/20\/matriz-para-la-organizacion-del-tiempo\/#primaryimage","url":"https:\/\/aquicontigo.uestatales.cl\/wp-content\/uploads\/2024\/02\/Matriz-para-la-Organizacion-del-tiempo-2-scaled.jpg","contentUrl":"https:\/\/aquicontigo.uestatales.cl\/wp-content\/uploads\/2024\/02\/Matriz-para-la-Organizacion-del-tiempo-2-scaled.jpg","width":2560,"height":1707,"caption":"Clock on concrete white wall"},{"@type":"BreadcrumbList","@id":"https:\/\/aquicontigo.uestatales.cl\/index.php\/2024\/02\/20\/matriz-para-la-organizacion-del-tiempo\/#breadcrumb","itemListElement":[{"@type":"ListItem","position":1,"name":"Portada","item":"https:\/\/aquicontigo.uestatales.cl\/"},{"@type":"ListItem","position":2,"name":"Matriz para la Organizaci\u00f3n del tiempo"}]},{"@type":"WebSite","@id":"https:\/\/aquicontigo.uestatales.cl\/#website","url":"https:\/\/aquicontigo.uestatales.cl\/","name":"Aqu\u00ed Contigo","description":"Portal de prevenci\u00f3n y promoci\u00f3n de  salud mental, dirigida a estudiantes universitarios\/as","publisher":{"@id":"https:\/\/aquicontigo.uestatales.cl\/#organization"},"potentialAction":[{"@type":"SearchAction","target":{"@type":"EntryPoint","urlTemplate":"https:\/\/aquicontigo.uestatales.cl\/?s={search_term_string}"},"query-input":{"@type":"PropertyValueSpecification","valueRequired":true,"valueName":"search_term_string"}}],"inLanguage":"es"},{"@type":"Organization","@id":"https:\/\/aquicontigo.uestatales.cl\/#organization","name":"Red de Salud Digital de Universidades del Estado","alternateName":"RSDUE","url":"https:\/\/aquicontigo.uestatales.cl\/","logo":{"@type":"ImageObject","inLanguage":"es","@id":"https:\/\/aquicontigo.uestatales.cl\/#\/schema\/logo\/image\/","url":"https:\/\/aquicontigo.uestatales.cl\/wp-content\/uploads\/2023\/11\/logo_rsdue_color.png","contentUrl":"https:\/\/aquicontigo.uestatales.cl\/wp-content\/uploads\/2023\/11\/logo_rsdue_color.png","width":1475,"height":494,"caption":"Red de Salud Digital de Universidades del Estado"},"image":{"@id":"https:\/\/aquicontigo.uestatales.cl\/#\/schema\/logo\/image\/"}},{"@type":"Person","@id":"https:\/\/aquicontigo.uestatales.cl\/#\/schema\/person\/65514b8053eae9120b93cc6f4b5f0580","name":"Alex Mu\u00f1oz Iba\u00f1ez","image":{"@type":"ImageObject","inLanguage":"es","@id":"https:\/\/secure.gravatar.com\/avatar\/6478615c34c4d6e3ef731179670c9365b37cc7f69199ad5788b86b32dea7d13c?s=96&d=mm&r=g","url":"https:\/\/secure.gravatar.com\/avatar\/6478615c34c4d6e3ef731179670c9365b37cc7f69199ad5788b86b32dea7d13c?s=96&d=mm&r=g","contentUrl":"https:\/\/secure.gravatar.com\/avatar\/6478615c34c4d6e3ef731179670c9365b37cc7f69199ad5788b86b32dea7d13c?s=96&d=mm&r=g","caption":"Alex Mu\u00f1oz Iba\u00f1ez"}}]}},"_links":{"self":[{"href":"https:\/\/aquicontigo.uestatales.cl\/index.php\/wp-json\/wp\/v2\/posts\/736","targetHints":{"allow":["GET"]}}],"collection":[{"href":"https:\/\/aquicontigo.uestatales.cl\/index.php\/wp-json\/wp\/v2\/posts"}],"about":[{"href":"https:\/\/aquicontigo.uestatales.cl\/index.php\/wp-json\/wp\/v2\/types\/post"}],"author":[{"embeddable":true,"href":"https:\/\/aquicontigo.uestatales.cl\/index.php\/wp-json\/wp\/v2\/users\/22"}],"replies":[{"embeddable":true,"href":"https:\/\/aquicontigo.uestatales.cl\/index.php\/wp-json\/wp\/v2\/comments?post=736"}],"version-history":[{"count":23,"href":"https:\/\/aquicontigo.uestatales.cl\/index.php\/wp-json\/wp\/v2\/posts\/736\/revisions"}],"predecessor-version":[{"id":2691,"href":"https:\/\/aquicontigo.uestatales.cl\/index.php\/wp-json\/wp\/v2\/posts\/736\/revisions\/2691"}],"wp:featuredmedia":[{"embeddable":true,"href":"https:\/\/aquicontigo.uestatales.cl\/index.php\/wp-json\/wp\/v2\/media\/1297"}],"wp:attachment":[{"href":"https:\/\/aquicontigo.uestatales.cl\/index.php\/wp-json\/wp\/v2\/media?parent=736"}],"wp:term":[{"taxonomy":"category","embeddable":true,"href":"https:\/\/aquicontigo.uestatales.cl\/index.php\/wp-json\/wp\/v2\/categories?post=736"},{"taxonomy":"post_tag","embeddable":true,"href":"https:\/\/aquicontigo.uestatales.cl\/index.php\/wp-json\/wp\/v2\/tags?post=736"}],"curies":[{"name":"wp","href":"https:\/\/api.w.org\/{rel}","templated":true}]}}