{"id":730,"date":"2024-02-20T13:00:09","date_gmt":"2024-02-20T13:00:09","guid":{"rendered":"https:\/\/devrsduemental.iie.cl\/?p=730"},"modified":"2024-07-15T16:38:32","modified_gmt":"2024-07-15T20:38:32","slug":"como-administrar-el-tiempo-en-la-universidad","status":"publish","type":"post","link":"https:\/\/aquicontigo.uestatales.cl\/index.php\/2024\/02\/20\/como-administrar-el-tiempo-en-la-universidad\/","title":{"rendered":"C\u00f3mo administrar el tiempo en la universidad"},"content":{"rendered":"[vc_row type=&#8221;full_width_content&#8221; full_screen_row_position=&#8221;middle&#8221; column_margin=&#8221;30px&#8221; column_direction=&#8221;default&#8221; column_direction_tablet=&#8221;default&#8221; column_direction_phone=&#8221;column_reverse&#8221; scene_position=&#8221;center&#8221; top_padding=&#8221;8%&#8221; bottom_padding=&#8221;8%&#8221; left_padding_desktop=&#8221;5%&#8221; constrain_group_2=&#8221;yes&#8221; right_padding_desktop=&#8221;5%&#8221; constrain_group_6=&#8221;yes&#8221; text_color=&#8221;dark&#8221; text_align=&#8221;left&#8221; row_border_radius=&#8221;none&#8221; row_border_radius_applies=&#8221;bg&#8221; overflow=&#8221;visible&#8221; id=&#8221;big-content-toggles&#8221; advanced_gradient_angle=&#8221;0&#8243; overlay_strength=&#8221;0.3&#8243; gradient_direction=&#8221;left_to_right&#8221; shape_divider_position=&#8221;bottom&#8221; bg_image_animation=&#8221;none&#8221; gradient_type=&#8221;default&#8221; shape_type=&#8221;&#8221;][vc_column left_padding_tablet=&#8221;0&#8243; right_padding_tablet=&#8221;0&#8243; column_element_direction_desktop=&#8221;default&#8221; column_element_spacing=&#8221;default&#8221; desktop_text_alignment=&#8221;default&#8221; tablet_text_alignment=&#8221;default&#8221; phone_text_alignment=&#8221;default&#8221; sticky_content=&#8221;true&#8221; sticky_content_functionality=&#8221;css&#8221; sticky_content_alignment=&#8221;middle&#8221; background_color_opacity=&#8221;1&#8243; background_hover_color_opacity=&#8221;1&#8243; column_backdrop_filter=&#8221;none&#8221; column_shadow=&#8221;none&#8221; column_border_radius=&#8221;none&#8221; column_link_target=&#8221;_self&#8221; column_position=&#8221;default&#8221; el_class=&#8221;links-container&#8221; gradient_direction=&#8221;left_to_right&#8221; overlay_strength=&#8221;0.3&#8243; width=&#8221;1\/4&#8243; tablet_width_inherit=&#8221;default&#8221; animation_type=&#8221;default&#8221; bg_image_animation=&#8221;none&#8221; border_type=&#8221;simple&#8221; column_border_width=&#8221;none&#8221; column_border_style=&#8221;solid&#8221; column_padding_type=&#8221;advanced&#8221; gradient_type=&#8221;default&#8221;][vc_column_text]\n<h5>Enlaces en este post<\/h5>\n[\/vc_column_text][vc_column_text]<a href=\"https:\/\/aquicontigo.uestatales.cl\/index.php\/redes-de-apoyo\/ \" target=\"_blank\" rel=\"noopener\">Redes de apoyo<\/a>[\/vc_column_text][vc_column_text]<a href=\"https:\/\/aquicontigo.uestatales.cl\/index.php\/2024\/02\/20\/matriz-para-la-organizacion-del-tiempo\/\" target=\"_blank\" rel=\"noopener\">Matriz para la Organizaci\u00f3n del tiempo<\/a>[\/vc_column_text][vc_column_text]<a href=\"https:\/\/summer.harvard.edu\/blog\/8-time-management-tips-for-students\/\">8 consejos de gesti\u00f3n del tiempo para estudiantes. (ENG)<\/a>[\/vc_column_text][vc_column_text]<a href=\"https:\/\/www.timeshighereducation.com\/student\/advice\/how-manage-your-time-university-student\">C\u00f3mo gestionar tu tiempo como estudiante universitario. (ENG)<\/a>[\/vc_column_text][vc_column_text]\n<h5>Documentos en este post<\/h5>\n[\/vc_column_text]<div class=\"iwithtext\"><div class=\"iwt-icon\"> <img decoding=\"async\" src=\"https:\/\/aquicontigo.uestatales.cl\/wp-content\/uploads\/2024\/02\/Artboard-14.svg\" alt=\"\" \/> <\/div><div class=\"iwt-text\"> <a href=\"http:\/\/www.ugr.es\/~ve\/pdf\/tiempo.pdf\" target=\"_blank\" rel=\"noopener\">Organizaci\u00f3n del tiempo<\/a> <\/div><div class=\"clear\"><\/div><\/div><div class=\"iwithtext\"><div class=\"iwt-icon\"> <img decoding=\"async\" src=\"https:\/\/aquicontigo.uestatales.cl\/wp-content\/uploads\/2024\/02\/Artboard-14.svg\" alt=\"\" \/> <\/div><div class=\"iwt-text\"> <a href=\"https:\/\/www.academia.edu\/5052719\/La_atenci%C3%B3n_un_proceso_psicol%C3%B3gico_b%C3%A1sico_\" target=\"_blank\" rel=\"noopener\">La atenci\u00f3n: un proceso psicol\u00f3gico b\u00e1sico<\/a> <\/div><div class=\"clear\"><\/div><\/div>[\/vc_column][vc_column column_padding=&#8221;no-extra-padding&#8221; column_padding_tablet=&#8221;inherit&#8221; column_padding_phone=&#8221;inherit&#8221; column_padding_position=&#8221;all&#8221; top_margin=&#8221;-7.5%&#8221; top_margin_tablet=&#8221;-10%&#8221; column_element_direction_desktop=&#8221;default&#8221; column_element_spacing=&#8221;0px&#8221; desktop_text_alignment=&#8221;default&#8221; tablet_text_alignment=&#8221;default&#8221; phone_text_alignment=&#8221;default&#8221; background_color_opacity=&#8221;1&#8243; background_hover_color_opacity=&#8221;1&#8243; column_backdrop_filter=&#8221;none&#8221; column_shadow=&#8221;none&#8221; column_border_radius=&#8221;none&#8221; column_link_target=&#8221;_self&#8221; column_position=&#8221;default&#8221; advanced_gradient_angle=&#8221;0&#8243; gradient_direction=&#8221;left_to_right&#8221; overlay_strength=&#8221;0.3&#8243; width=&#8221;3\/4&#8243; tablet_width_inherit=&#8221;default&#8221; animation_type=&#8221;default&#8221; bg_image_animation=&#8221;none&#8221; border_type=&#8221;simple&#8221; column_border_width=&#8221;none&#8221; column_border_style=&#8221;solid&#8221; gradient_type=&#8221;default&#8221; column_padding_type=&#8221;default&#8221;][vc_row_inner column_margin=&#8221;default&#8221; column_direction=&#8221;default&#8221; column_direction_tablet=&#8221;default&#8221; column_direction_phone=&#8221;default&#8221; text_align=&#8221;left&#8221; row_position=&#8221;default&#8221; row_position_tablet=&#8221;inherit&#8221; row_position_phone=&#8221;inherit&#8221; overflow=&#8221;visible&#8221; pointer_events=&#8221;all&#8221;][vc_column_inner column_padding=&#8221;no-extra-padding&#8221; column_padding_tablet=&#8221;inherit&#8221; column_padding_phone=&#8221;inherit&#8221; column_padding_position=&#8221;all&#8221; column_element_direction_desktop=&#8221;default&#8221; column_element_spacing=&#8221;default&#8221; desktop_text_alignment=&#8221;default&#8221; tablet_text_alignment=&#8221;default&#8221; phone_text_alignment=&#8221;default&#8221; background_color_opacity=&#8221;1&#8243; background_hover_color_opacity=&#8221;1&#8243; column_backdrop_filter=&#8221;none&#8221; column_shadow=&#8221;none&#8221; column_border_radius=&#8221;none&#8221; column_link_target=&#8221;_self&#8221; overflow=&#8221;visible&#8221; gradient_direction=&#8221;left_to_right&#8221; overlay_strength=&#8221;0.3&#8243; width=&#8221;1\/2&#8243; tablet_width_inherit=&#8221;default&#8221; animation_type=&#8221;default&#8221; bg_image_animation=&#8221;none&#8221; border_type=&#8221;simple&#8221; column_border_width=&#8221;none&#8221; column_border_style=&#8221;solid&#8221; column_padding_type=&#8221;default&#8221; gradient_type=&#8221;default&#8221; offset=&#8221;vc_col-xs-6&#8243;][vc_custom_heading text=&#8221;Autores\/as&#8221; font_container=&#8221;tag:h4|text_align:left&#8221; google_fonts=&#8221;font_family:Roboto%3A100%2C100italic%2C300%2C300italic%2Cregular%2Citalic%2C500%2C500italic%2C700%2C700italic%2C900%2C900italic|font_style:400%20regular%3A400%3Anormal&#8221;][vc_column_text]\n<p style=\"text-align: left; font-size: 14px;\">Equipo RSDUE<\/p>\n[\/vc_column_text][\/vc_column_inner][vc_column_inner column_element_direction_desktop=&#8221;default&#8221; column_element_spacing=&#8221;default&#8221; desktop_text_alignment=&#8221;default&#8221; tablet_text_alignment=&#8221;default&#8221; phone_text_alignment=&#8221;default&#8221; background_color_opacity=&#8221;1&#8243; background_hover_color_opacity=&#8221;1&#8243; column_backdrop_filter=&#8221;none&#8221; column_shadow=&#8221;none&#8221; column_border_radius=&#8221;none&#8221; column_link_target=&#8221;_self&#8221; overflow=&#8221;visible&#8221; gradient_direction=&#8221;left_to_right&#8221; overlay_strength=&#8221;0.3&#8243; width=&#8221;1\/2&#8243; tablet_width_inherit=&#8221;default&#8221; animation_type=&#8221;default&#8221; bg_image_animation=&#8221;none&#8221; border_type=&#8221;simple&#8221; column_border_width=&#8221;none&#8221; column_border_style=&#8221;solid&#8221; column_padding_type=&#8221;advanced&#8221; gradient_type=&#8221;default&#8221; offset=&#8221;vc_col-xs-6&#8243;][vc_custom_heading text=&#8221;Editores\/as&#8221; font_container=&#8221;tag:h4|text_align:left&#8221; google_fonts=&#8221;font_family:Roboto%3A100%2C100italic%2C300%2C300italic%2Cregular%2Citalic%2C500%2C500italic%2C700%2C700italic%2C900%2C900italic|font_style:400%20regular%3A400%3Anormal&#8221;][vc_column_text]\n<p style=\"text-align: left; font-size: 14px;\">Viviana Munita y Schirley Colman (UDA)<\/p>\n[\/vc_column_text][\/vc_column_inner][\/vc_row_inner][divider line_type=&#8221;Full Width Line&#8221; line_thickness=&#8221;3&#8243; divider_color=&#8221;default&#8221;][vc_column_text]\n<h4>En la universidad, tu gesti\u00f3n del tiempo es en gran medida independiente, esto significa que necesitas aprender a administrar de manera efectiva tu carga de trabajo para asegurarte de cumplir con tus actividades en forma oportuna. Esta gesti\u00f3n del tiempo puede ser dif\u00edcil, sobre todo al principio, por lo que te queremos entregar algunos consejos.<\/h4>\n<p>Tan pronto como te levantas por la ma\u00f1ana con todo el d\u00eda por delante, puede parecer que tienes mucho tiempo para hacer un mill\u00f3n de cosas. A las 10 a.m. es f\u00e1cil pensar que podr\u00e1 leer tres cap\u00edtulos de uno de sus textos establecidos, escribir 1.000 palabras de un ensayo, ordenar tu habitaci\u00f3n, cocinar una comida saludable y salir a correr. Pero a las 4 p. m. descubres que, en cambio, has visto demasiados videos de gatos y perros en YouTube.<\/p>\n<p>Tener una expectativa poco realista de cu\u00e1nto puedes hacer en un d\u00eda seguramente te conducir\u00e1 hacia un fracaso. Adem\u00e1s, ser\u00eda dif\u00edcil mantener este nivel de productividad durante un largo per\u00edodo y sufrir\u00e1s de un fuerte agotamiento.<\/p>\n<p>Pero, por otro lado, si no tienes un plan adecuado, la <b>procrastinaci\u00f3n<\/b><b>, <\/b>puede interferir y evitar que logres tus objetivos.[\/vc_column_text][toggles style=&#8221;minimal&#8221;][toggle color=&#8221;Default&#8221; heading_tag=&#8221;default&#8221; heading_tag_functionality=&#8221;default&#8221; title=&#8221;7 consejos para mejorar tu gesti\u00f3n del tiempo&#8221;][vc_column_text]\n<h2><span style=\"color: #009c9d;\">1.<\/span> <span style=\"color: #009c9d;\">Escribe una lista de tres cosas que quieras hacer cada d\u00eda<\/span><\/h2>\n<p>Las listas de tareas pendientes son una excelente herramienta para mantenerse enfocado y asegurarse de completar las tareas necesarias. Sin embargo, estas listas pueden resultar contraproducentes si se vuelven demasiado extensas y abrumadoras, lo que dificulta saber por d\u00f3nde empezar.<\/p>\n<p>Por lo tanto, una alternativa recomendable es crear una lista general de todas las tareas que necesitas realizar, tanto en el \u00e1mbito universitario como en la vida personal. Elaborar una lista completa de tareas pendientes y escribirla en papel y\/o utilizar alguna herramienta digital, te permitir\u00e1 liberar tu mente y evitar perder tiempo tratando de recordar cada una de las cosas que debes hacer.<\/p>\n<p>Cada ma\u00f1ana (o el d\u00eda anterior en la noche, si te acomoda), selecciona tres tareas de tu lista general y an\u00f3talas en una lista diaria de tareas que debes realizar al d\u00eda siguiente. De esta manera, no te sobrecargar\u00e1s de actividades y descubrir\u00e1s que te sientes m\u00e1s productivo\/a al completar las tres tareas tu lista.<\/p>\n<h2><span style=\"color: #009c9d;\">2.<\/span> <span style=\"color: #009c9d;\">Limita las distracciones<\/span><\/h2>\n<p>En cuanto a las distracciones, me refiero espec\u00edficamente a los tel\u00e9fonos m\u00f3viles. Una buena estrategia es colocarlo en un lugar fuera del alcance, para que no caer en la tentaci\u00f3n de revisar Instagram o Twitter cada cinco minutos.<\/p>\n<p>En caso de que necesites tener su tel\u00e9fono cerca, puedes apagar todas las notificaciones o utilizar una aplicaci\u00f3n que impide el desbloqueo del tel\u00e9fono.<\/p>\n<p>Adem\u00e1s, es importante identificar otras posibles distracciones, como la televisi\u00f3n, ruidos, o incluso pensamientos, a los cuales se les puede otorgar un momento despu\u00e9s.<\/p>\n<h2><span style=\"color: #009c9d;\">3.<\/span> <span style=\"color: #009c9d;\">Averigua cu\u00e1ndo eres m\u00e1s productivo<\/span><\/h2>\n<p>Muy pocas personas pueden decir que pueden mantener altos niveles de productividad durante todo un d\u00eda. Para la mayor\u00eda de las personas, hay una ventana en el d\u00eda en la que su cerebro est\u00e1 m\u00e1s concentrado, cuando es menos probable que sucumban a las distracciones y cuando pueden hacer su trabajo m\u00e1s productivo.<\/p>\n<p>Independientemente de si es por la ma\u00f1ana, por la tarde o por la noche, trata de estructurar tu d\u00eda en torno a esto, o al menos, abordar las tareas m\u00e1s dif\u00edciles durante el momento en que te sientes m\u00e1s alerta.<\/p>\n<h2><span style=\"color: #009c9d;\">4.<\/span> <span style=\"color: #009c9d;\">Establece un horario diario<\/span><\/h2>\n<p>La elaboraci\u00f3n de un horario diario difiere un poco de la creaci\u00f3n de una lista de tareas pendientes para el d\u00eda. Consiste en planificar c\u00f3mo se distribuir\u00e1 el tiempo, asegur\u00e1ndote de tener en cuenta todas las tareas que deben ser realizadas, incluyendo el tiempo libre y el tiempo para hacer ejercicio, entre otras cosas.<\/p>\n<p>La elaboraci\u00f3n de un horario no solo proporciona una estructura para el d\u00eda, sino que tambi\u00e9n permite planificar actividades adicionales que no se limitan solo al trabajo universitario, lo que significa que habr\u00e1 m\u00e1s cosas que hacer durante el d\u00eda.<\/p>\n<p>Por la estructura de los tiempos universitarios, puede ser que tanto el horario, como la lista de tareas, se saturen de actividades universitarias durante algunas semanas. Esto es esperable y ocurre generalmente frente a las semanas de evaluaciones finales, pero ya lo sabes y puedes tener est\u00e1s herramientas para estar preparado o preparada.<\/p>\n<h2><span style=\"color: #009c9d;\">5. Encuentra apoyo<\/span><\/h2>\n<p>Mientras la preparaci\u00f3n y la organizaci\u00f3n son importantes, a veces necesitas m\u00e1s ayuda para alcanzar tus objetivos acad\u00e9micos. Afortunadamente, no est\u00e1s solo en este camino. Puedes colaborar con tus compa\u00f1eros\/as de clase, recordarse mutuamente las responsabilidades y generar grupos de estudio.<\/p>\n<p>Adem\u00e1s, algunas universidades cuentan con recursos como talleres para mejorar estas estrategias. Puedes consultar los datos de contacto de tu universidad en esta<b><a href=\"https:\/\/aquicontigo.uestatales.cl\/index.php\/user\/?profiletab=universidad\"> secci\u00f3n<\/a>.<\/b><\/p>\n<h2><span style=\"color: #009c9d;\">6.<\/span> <span style=\"color: #009c9d;\">Se realista y flexible<\/span><\/h2>\n<p>A veces surgir\u00e1n imprevistos o simplemente no podr\u00e1s llegar a todo lo que te propusiste en un d\u00eda determinado. Sea paciente y amable consigo cuando las cosas no salgan exactamente seg\u00fan lo planeado. Se realista acerca de lo que puede lograr cada d\u00eda, e incluye tiempo extra si no tiene claridad. Esto puede ayudar a reducir algunos problemas. La gesti\u00f3n del tiempo no se trata solo de apegarse a un horario r\u00edgido, tambi\u00e9n se trata de darse espacio para el cambio.<\/p>\n<h2><span style=\"color: #009c9d;\">7.<\/span> <a href=\"https:\/\/aquicontigo.uestatales.cl\/index.php\/2024\/02\/20\/matriz-para-la-organizacion-del-tiempo\/\">Utiliza una matriz para priorizar<\/a><\/h2>\n<p>Esta estrategia suele ser muy \u00fatil para entender en qu\u00e9 ocupamos nuestro tiempo y c\u00f3mo podemos ocuparlo mejor.[\/vc_column_text][\/toggle][toggle color=&#8221;Default&#8221; heading_tag=&#8221;default&#8221; heading_tag_functionality=&#8221;default&#8221; title=&#8221;Referencias&#8221;][vc_column_text]Gabinete Psicopedag\u00f3gico (2011). Organizaci\u00f3n del tiempo. Granada. Universidad de Granada. <a href=\"http:\/\/www.ugr.es\/~ve\/pdf\/tiempo.pdf\" target=\"_blank\" rel=\"noopener\">http:\/\/www.ugr.es\/~ve\/pdf\/tiempo.pdf<\/a><\/p>\n<p>Londo\u00f1o, L. (2009). La atenci\u00f3n: un proceso psicol\u00f3gico b\u00e1sico. Revista de la Facultad de Psicolog\u00eda Universidad Cooperativa de Colombia. Vol. 5, n\u00b0. 8. <a href=\"https:\/\/www.academia.edu\/5052719\/La_atenci%C3%B3n_un_proceso_psicol%C3%B3gico_b%C3%A1sico_\" target=\"_blank\" rel=\"noopener\">https:\/\/www.academia.edu\/5052719\/La_atenci%C3%B3n_un_proceso_psicol%C3%B3gico_b%C3%A1sico_<\/a><\/p>\n<p><b>Otras webs consultadas:<\/b><\/p>\n<p><a href=\"https:\/\/summer.harvard.edu\/blog\/8-time-management-tips-for-students\/\" target=\"_blank\" rel=\"noopener\">https:\/\/summer.harvard.edu\/blog\/8-time-management-tips-for-students\/<\/a><\/p>\n<p><a href=\"https:\/\/www.timeshighereducation.com\/student\/advice\/how-manage-your-time-university-student\" target=\"_blank\" rel=\"noopener\">https:\/\/www.timeshighereducation.com\/student\/advice\/how-manage-your-time-university-student<\/a>[\/vc_column_text][\/toggle][\/toggles][\/vc_column][\/vc_row]\n","protected":false},"excerpt":{"rendered":"<p>[vc_row type=&#8221;full_width_content&#8221; full_screen_row_position=&#8221;middle&#8221; column_margin=&#8221;30px&#8221; column_direction=&#8221;default&#8221; column_direction_tablet=&#8221;default&#8221; column_direction_phone=&#8221;column_reverse&#8221; scene_position=&#8221;center&#8221; top_padding=&#8221;8%&#8221; bottom_padding=&#8221;8%&#8221; left_padding_desktop=&#8221;5%&#8221; constrain_group_2=&#8221;yes&#8221; right_padding_desktop=&#8221;5%&#8221; constrain_group_6=&#8221;yes&#8221; text_color=&#8221;dark&#8221; text_align=&#8221;left&#8221; row_border_radius=&#8221;none&#8221; row_border_radius_applies=&#8221;bg&#8221; overflow=&#8221;visible&#8221; id=&#8221;big-content-toggles&#8221; advanced_gradient_angle=&#8221;0&#8243; overlay_strength=&#8221;0.3&#8243; gradient_direction=&#8221;left_to_right&#8221; shape_divider_position=&#8221;bottom&#8221; bg_image_animation=&#8221;none&#8221; gradient_type=&#8221;default&#8221; shape_type=&#8221;&#8221;][vc_column left_padding_tablet=&#8221;0&#8243; right_padding_tablet=&#8221;0&#8243; column_element_direction_desktop=&#8221;default&#8221;&#8230;<\/p>\n","protected":false},"author":22,"featured_media":1296,"comment_status":"closed","ping_status":"open","sticky":false,"template":"","format":"standard","meta":{"inline_featured_image":false,"footnotes":""},"categories":[274],"tags":[],"class_list":{"0":"post-730","1":"post","2":"type-post","3":"status-publish","4":"format-standard","5":"has-post-thumbnail","7":"category-estrategias-para-la-vida-universitaria"},"yoast_head":"<!-- This site is optimized with the Yoast SEO plugin v27.5 - https:\/\/yoast.com\/product\/yoast-seo-wordpress\/ -->\n<title>C\u00f3mo administrar el tiempo en la universidad<\/title>\n<meta name=\"description\" content=\"Tu administraci\u00f3n del tiempo es en gran medida independiente, por lo que necesitas aprender a administrar efectivamente tu carga de trabajo.\" \/>\n<meta name=\"robots\" content=\"index, follow, max-snippet:-1, max-image-preview:large, max-video-preview:-1\" \/>\n<link rel=\"canonical\" href=\"https:\/\/aquicontigo.uestatales.cl\/index.php\/2024\/02\/20\/como-administrar-el-tiempo-en-la-universidad\/\" \/>\n<meta property=\"og:locale\" content=\"es_ES\" \/>\n<meta property=\"og:type\" content=\"article\" \/>\n<meta property=\"og:title\" content=\"C\u00f3mo administrar el tiempo en la universidad\" \/>\n<meta property=\"og:description\" content=\"Tu administraci\u00f3n del tiempo es en gran medida independiente, por lo que necesitas aprender a administrar efectivamente tu carga de trabajo.\" \/>\n<meta property=\"og:url\" content=\"https:\/\/aquicontigo.uestatales.cl\/index.php\/2024\/02\/20\/como-administrar-el-tiempo-en-la-universidad\/\" \/>\n<meta property=\"og:site_name\" content=\"Aqu\u00ed Contigo\" \/>\n<meta property=\"article:published_time\" content=\"2024-02-20T13:00:09+00:00\" \/>\n<meta property=\"article:modified_time\" content=\"2024-07-15T20:38:32+00:00\" \/>\n<meta property=\"og:image\" content=\"https:\/\/aquicontigo.uestatales.cl\/wp-content\/uploads\/2024\/02\/Como-administrar-el-tiempo-en-la-universidad-2-scaled.jpg\" \/>\n\t<meta property=\"og:image:width\" content=\"2560\" \/>\n\t<meta property=\"og:image:height\" content=\"1707\" \/>\n\t<meta property=\"og:image:type\" content=\"image\/jpeg\" \/>\n<meta name=\"author\" content=\"Alex Mu\u00f1oz Iba\u00f1ez\" \/>\n<meta name=\"twitter:card\" content=\"summary_large_image\" \/>\n<meta name=\"twitter:label1\" content=\"Escrito por\" \/>\n\t<meta name=\"twitter:data1\" content=\"Alex Mu\u00f1oz Iba\u00f1ez\" \/>\n\t<meta name=\"twitter:label2\" content=\"Tiempo de lectura\" \/>\n\t<meta name=\"twitter:data2\" content=\"6 minutos\" \/>\n<script type=\"application\/ld+json\" class=\"yoast-schema-graph\">{\"@context\":\"https:\\\/\\\/schema.org\",\"@graph\":[{\"@type\":\"Article\",\"@id\":\"https:\\\/\\\/aquicontigo.uestatales.cl\\\/index.php\\\/2024\\\/02\\\/20\\\/como-administrar-el-tiempo-en-la-universidad\\\/#article\",\"isPartOf\":{\"@id\":\"https:\\\/\\\/aquicontigo.uestatales.cl\\\/index.php\\\/2024\\\/02\\\/20\\\/como-administrar-el-tiempo-en-la-universidad\\\/\"},\"author\":{\"name\":\"Alex Mu\u00f1oz Iba\u00f1ez\",\"@id\":\"https:\\\/\\\/aquicontigo.uestatales.cl\\\/#\\\/schema\\\/person\\\/65514b8053eae9120b93cc6f4b5f0580\"},\"headline\":\"C\u00f3mo administrar el tiempo en la universidad\",\"datePublished\":\"2024-02-20T13:00:09+00:00\",\"dateModified\":\"2024-07-15T20:38:32+00:00\",\"mainEntityOfPage\":{\"@id\":\"https:\\\/\\\/aquicontigo.uestatales.cl\\\/index.php\\\/2024\\\/02\\\/20\\\/como-administrar-el-tiempo-en-la-universidad\\\/\"},\"wordCount\":1850,\"publisher\":{\"@id\":\"https:\\\/\\\/aquicontigo.uestatales.cl\\\/#organization\"},\"image\":{\"@id\":\"https:\\\/\\\/aquicontigo.uestatales.cl\\\/index.php\\\/2024\\\/02\\\/20\\\/como-administrar-el-tiempo-en-la-universidad\\\/#primaryimage\"},\"thumbnailUrl\":\"https:\\\/\\\/aquicontigo.uestatales.cl\\\/wp-content\\\/uploads\\\/2024\\\/02\\\/Como-administrar-el-tiempo-en-la-universidad-2-scaled.jpg\",\"articleSection\":[\"Estrategias para la vida universitaria\"],\"inLanguage\":\"es\"},{\"@type\":\"WebPage\",\"@id\":\"https:\\\/\\\/aquicontigo.uestatales.cl\\\/index.php\\\/2024\\\/02\\\/20\\\/como-administrar-el-tiempo-en-la-universidad\\\/\",\"url\":\"https:\\\/\\\/aquicontigo.uestatales.cl\\\/index.php\\\/2024\\\/02\\\/20\\\/como-administrar-el-tiempo-en-la-universidad\\\/\",\"name\":\"C\u00f3mo administrar el tiempo en la universidad\",\"isPartOf\":{\"@id\":\"https:\\\/\\\/aquicontigo.uestatales.cl\\\/#website\"},\"primaryImageOfPage\":{\"@id\":\"https:\\\/\\\/aquicontigo.uestatales.cl\\\/index.php\\\/2024\\\/02\\\/20\\\/como-administrar-el-tiempo-en-la-universidad\\\/#primaryimage\"},\"image\":{\"@id\":\"https:\\\/\\\/aquicontigo.uestatales.cl\\\/index.php\\\/2024\\\/02\\\/20\\\/como-administrar-el-tiempo-en-la-universidad\\\/#primaryimage\"},\"thumbnailUrl\":\"https:\\\/\\\/aquicontigo.uestatales.cl\\\/wp-content\\\/uploads\\\/2024\\\/02\\\/Como-administrar-el-tiempo-en-la-universidad-2-scaled.jpg\",\"datePublished\":\"2024-02-20T13:00:09+00:00\",\"dateModified\":\"2024-07-15T20:38:32+00:00\",\"description\":\"Tu administraci\u00f3n del tiempo es en gran medida independiente, por lo que necesitas aprender a administrar efectivamente tu carga de trabajo.\",\"breadcrumb\":{\"@id\":\"https:\\\/\\\/aquicontigo.uestatales.cl\\\/index.php\\\/2024\\\/02\\\/20\\\/como-administrar-el-tiempo-en-la-universidad\\\/#breadcrumb\"},\"inLanguage\":\"es\",\"potentialAction\":[{\"@type\":\"ReadAction\",\"target\":[\"https:\\\/\\\/aquicontigo.uestatales.cl\\\/index.php\\\/2024\\\/02\\\/20\\\/como-administrar-el-tiempo-en-la-universidad\\\/\"]}]},{\"@type\":\"ImageObject\",\"inLanguage\":\"es\",\"@id\":\"https:\\\/\\\/aquicontigo.uestatales.cl\\\/index.php\\\/2024\\\/02\\\/20\\\/como-administrar-el-tiempo-en-la-universidad\\\/#primaryimage\",\"url\":\"https:\\\/\\\/aquicontigo.uestatales.cl\\\/wp-content\\\/uploads\\\/2024\\\/02\\\/Como-administrar-el-tiempo-en-la-universidad-2-scaled.jpg\",\"contentUrl\":\"https:\\\/\\\/aquicontigo.uestatales.cl\\\/wp-content\\\/uploads\\\/2024\\\/02\\\/Como-administrar-el-tiempo-en-la-universidad-2-scaled.jpg\",\"width\":2560,\"height\":1707},{\"@type\":\"BreadcrumbList\",\"@id\":\"https:\\\/\\\/aquicontigo.uestatales.cl\\\/index.php\\\/2024\\\/02\\\/20\\\/como-administrar-el-tiempo-en-la-universidad\\\/#breadcrumb\",\"itemListElement\":[{\"@type\":\"ListItem\",\"position\":1,\"name\":\"Portada\",\"item\":\"https:\\\/\\\/aquicontigo.uestatales.cl\\\/\"},{\"@type\":\"ListItem\",\"position\":2,\"name\":\"C\u00f3mo administrar el tiempo en la universidad\"}]},{\"@type\":\"WebSite\",\"@id\":\"https:\\\/\\\/aquicontigo.uestatales.cl\\\/#website\",\"url\":\"https:\\\/\\\/aquicontigo.uestatales.cl\\\/\",\"name\":\"Aqu\u00ed Contigo\",\"description\":\"Portal de prevenci\u00f3n y promoci\u00f3n de  salud mental, dirigida a estudiantes universitarios\\\/as\",\"publisher\":{\"@id\":\"https:\\\/\\\/aquicontigo.uestatales.cl\\\/#organization\"},\"potentialAction\":[{\"@type\":\"SearchAction\",\"target\":{\"@type\":\"EntryPoint\",\"urlTemplate\":\"https:\\\/\\\/aquicontigo.uestatales.cl\\\/?s={search_term_string}\"},\"query-input\":{\"@type\":\"PropertyValueSpecification\",\"valueRequired\":true,\"valueName\":\"search_term_string\"}}],\"inLanguage\":\"es\"},{\"@type\":\"Organization\",\"@id\":\"https:\\\/\\\/aquicontigo.uestatales.cl\\\/#organization\",\"name\":\"Red de Salud Digital de Universidades del Estado\",\"alternateName\":\"RSDUE\",\"url\":\"https:\\\/\\\/aquicontigo.uestatales.cl\\\/\",\"logo\":{\"@type\":\"ImageObject\",\"inLanguage\":\"es\",\"@id\":\"https:\\\/\\\/aquicontigo.uestatales.cl\\\/#\\\/schema\\\/logo\\\/image\\\/\",\"url\":\"https:\\\/\\\/aquicontigo.uestatales.cl\\\/wp-content\\\/uploads\\\/2023\\\/11\\\/logo_rsdue_color.png\",\"contentUrl\":\"https:\\\/\\\/aquicontigo.uestatales.cl\\\/wp-content\\\/uploads\\\/2023\\\/11\\\/logo_rsdue_color.png\",\"width\":1475,\"height\":494,\"caption\":\"Red de Salud Digital de Universidades del Estado\"},\"image\":{\"@id\":\"https:\\\/\\\/aquicontigo.uestatales.cl\\\/#\\\/schema\\\/logo\\\/image\\\/\"}},{\"@type\":\"Person\",\"@id\":\"https:\\\/\\\/aquicontigo.uestatales.cl\\\/#\\\/schema\\\/person\\\/65514b8053eae9120b93cc6f4b5f0580\",\"name\":\"Alex Mu\u00f1oz Iba\u00f1ez\",\"image\":{\"@type\":\"ImageObject\",\"inLanguage\":\"es\",\"@id\":\"https:\\\/\\\/secure.gravatar.com\\\/avatar\\\/6478615c34c4d6e3ef731179670c9365b37cc7f69199ad5788b86b32dea7d13c?s=96&d=mm&r=g\",\"url\":\"https:\\\/\\\/secure.gravatar.com\\\/avatar\\\/6478615c34c4d6e3ef731179670c9365b37cc7f69199ad5788b86b32dea7d13c?s=96&d=mm&r=g\",\"contentUrl\":\"https:\\\/\\\/secure.gravatar.com\\\/avatar\\\/6478615c34c4d6e3ef731179670c9365b37cc7f69199ad5788b86b32dea7d13c?s=96&d=mm&r=g\",\"caption\":\"Alex Mu\u00f1oz Iba\u00f1ez\"}}]}<\/script>\n<!-- \/ Yoast SEO plugin. -->","yoast_head_json":{"title":"C\u00f3mo administrar el tiempo en la universidad","description":"Tu administraci\u00f3n del tiempo es en gran medida independiente, por lo que necesitas aprender a administrar efectivamente tu carga de trabajo.","robots":{"index":"index","follow":"follow","max-snippet":"max-snippet:-1","max-image-preview":"max-image-preview:large","max-video-preview":"max-video-preview:-1"},"canonical":"https:\/\/aquicontigo.uestatales.cl\/index.php\/2024\/02\/20\/como-administrar-el-tiempo-en-la-universidad\/","og_locale":"es_ES","og_type":"article","og_title":"C\u00f3mo administrar el tiempo en la universidad","og_description":"Tu administraci\u00f3n del tiempo es en gran medida independiente, por lo que necesitas aprender a administrar efectivamente tu carga de trabajo.","og_url":"https:\/\/aquicontigo.uestatales.cl\/index.php\/2024\/02\/20\/como-administrar-el-tiempo-en-la-universidad\/","og_site_name":"Aqu\u00ed Contigo","article_published_time":"2024-02-20T13:00:09+00:00","article_modified_time":"2024-07-15T20:38:32+00:00","og_image":[{"width":2560,"height":1707,"url":"https:\/\/aquicontigo.uestatales.cl\/wp-content\/uploads\/2024\/02\/Como-administrar-el-tiempo-en-la-universidad-2-scaled.jpg","type":"image\/jpeg"}],"author":"Alex Mu\u00f1oz Iba\u00f1ez","twitter_card":"summary_large_image","twitter_misc":{"Escrito por":"Alex Mu\u00f1oz Iba\u00f1ez","Tiempo de lectura":"6 minutos"},"schema":{"@context":"https:\/\/schema.org","@graph":[{"@type":"Article","@id":"https:\/\/aquicontigo.uestatales.cl\/index.php\/2024\/02\/20\/como-administrar-el-tiempo-en-la-universidad\/#article","isPartOf":{"@id":"https:\/\/aquicontigo.uestatales.cl\/index.php\/2024\/02\/20\/como-administrar-el-tiempo-en-la-universidad\/"},"author":{"name":"Alex Mu\u00f1oz Iba\u00f1ez","@id":"https:\/\/aquicontigo.uestatales.cl\/#\/schema\/person\/65514b8053eae9120b93cc6f4b5f0580"},"headline":"C\u00f3mo administrar el tiempo en la universidad","datePublished":"2024-02-20T13:00:09+00:00","dateModified":"2024-07-15T20:38:32+00:00","mainEntityOfPage":{"@id":"https:\/\/aquicontigo.uestatales.cl\/index.php\/2024\/02\/20\/como-administrar-el-tiempo-en-la-universidad\/"},"wordCount":1850,"publisher":{"@id":"https:\/\/aquicontigo.uestatales.cl\/#organization"},"image":{"@id":"https:\/\/aquicontigo.uestatales.cl\/index.php\/2024\/02\/20\/como-administrar-el-tiempo-en-la-universidad\/#primaryimage"},"thumbnailUrl":"https:\/\/aquicontigo.uestatales.cl\/wp-content\/uploads\/2024\/02\/Como-administrar-el-tiempo-en-la-universidad-2-scaled.jpg","articleSection":["Estrategias para la vida universitaria"],"inLanguage":"es"},{"@type":"WebPage","@id":"https:\/\/aquicontigo.uestatales.cl\/index.php\/2024\/02\/20\/como-administrar-el-tiempo-en-la-universidad\/","url":"https:\/\/aquicontigo.uestatales.cl\/index.php\/2024\/02\/20\/como-administrar-el-tiempo-en-la-universidad\/","name":"C\u00f3mo administrar el tiempo en la universidad","isPartOf":{"@id":"https:\/\/aquicontigo.uestatales.cl\/#website"},"primaryImageOfPage":{"@id":"https:\/\/aquicontigo.uestatales.cl\/index.php\/2024\/02\/20\/como-administrar-el-tiempo-en-la-universidad\/#primaryimage"},"image":{"@id":"https:\/\/aquicontigo.uestatales.cl\/index.php\/2024\/02\/20\/como-administrar-el-tiempo-en-la-universidad\/#primaryimage"},"thumbnailUrl":"https:\/\/aquicontigo.uestatales.cl\/wp-content\/uploads\/2024\/02\/Como-administrar-el-tiempo-en-la-universidad-2-scaled.jpg","datePublished":"2024-02-20T13:00:09+00:00","dateModified":"2024-07-15T20:38:32+00:00","description":"Tu administraci\u00f3n del tiempo es en gran medida independiente, por lo que necesitas aprender a administrar efectivamente tu carga de trabajo.","breadcrumb":{"@id":"https:\/\/aquicontigo.uestatales.cl\/index.php\/2024\/02\/20\/como-administrar-el-tiempo-en-la-universidad\/#breadcrumb"},"inLanguage":"es","potentialAction":[{"@type":"ReadAction","target":["https:\/\/aquicontigo.uestatales.cl\/index.php\/2024\/02\/20\/como-administrar-el-tiempo-en-la-universidad\/"]}]},{"@type":"ImageObject","inLanguage":"es","@id":"https:\/\/aquicontigo.uestatales.cl\/index.php\/2024\/02\/20\/como-administrar-el-tiempo-en-la-universidad\/#primaryimage","url":"https:\/\/aquicontigo.uestatales.cl\/wp-content\/uploads\/2024\/02\/Como-administrar-el-tiempo-en-la-universidad-2-scaled.jpg","contentUrl":"https:\/\/aquicontigo.uestatales.cl\/wp-content\/uploads\/2024\/02\/Como-administrar-el-tiempo-en-la-universidad-2-scaled.jpg","width":2560,"height":1707},{"@type":"BreadcrumbList","@id":"https:\/\/aquicontigo.uestatales.cl\/index.php\/2024\/02\/20\/como-administrar-el-tiempo-en-la-universidad\/#breadcrumb","itemListElement":[{"@type":"ListItem","position":1,"name":"Portada","item":"https:\/\/aquicontigo.uestatales.cl\/"},{"@type":"ListItem","position":2,"name":"C\u00f3mo administrar el tiempo en la universidad"}]},{"@type":"WebSite","@id":"https:\/\/aquicontigo.uestatales.cl\/#website","url":"https:\/\/aquicontigo.uestatales.cl\/","name":"Aqu\u00ed Contigo","description":"Portal de prevenci\u00f3n y promoci\u00f3n de  salud mental, dirigida a estudiantes universitarios\/as","publisher":{"@id":"https:\/\/aquicontigo.uestatales.cl\/#organization"},"potentialAction":[{"@type":"SearchAction","target":{"@type":"EntryPoint","urlTemplate":"https:\/\/aquicontigo.uestatales.cl\/?s={search_term_string}"},"query-input":{"@type":"PropertyValueSpecification","valueRequired":true,"valueName":"search_term_string"}}],"inLanguage":"es"},{"@type":"Organization","@id":"https:\/\/aquicontigo.uestatales.cl\/#organization","name":"Red de Salud Digital de Universidades del Estado","alternateName":"RSDUE","url":"https:\/\/aquicontigo.uestatales.cl\/","logo":{"@type":"ImageObject","inLanguage":"es","@id":"https:\/\/aquicontigo.uestatales.cl\/#\/schema\/logo\/image\/","url":"https:\/\/aquicontigo.uestatales.cl\/wp-content\/uploads\/2023\/11\/logo_rsdue_color.png","contentUrl":"https:\/\/aquicontigo.uestatales.cl\/wp-content\/uploads\/2023\/11\/logo_rsdue_color.png","width":1475,"height":494,"caption":"Red de Salud Digital de Universidades del Estado"},"image":{"@id":"https:\/\/aquicontigo.uestatales.cl\/#\/schema\/logo\/image\/"}},{"@type":"Person","@id":"https:\/\/aquicontigo.uestatales.cl\/#\/schema\/person\/65514b8053eae9120b93cc6f4b5f0580","name":"Alex Mu\u00f1oz Iba\u00f1ez","image":{"@type":"ImageObject","inLanguage":"es","@id":"https:\/\/secure.gravatar.com\/avatar\/6478615c34c4d6e3ef731179670c9365b37cc7f69199ad5788b86b32dea7d13c?s=96&d=mm&r=g","url":"https:\/\/secure.gravatar.com\/avatar\/6478615c34c4d6e3ef731179670c9365b37cc7f69199ad5788b86b32dea7d13c?s=96&d=mm&r=g","contentUrl":"https:\/\/secure.gravatar.com\/avatar\/6478615c34c4d6e3ef731179670c9365b37cc7f69199ad5788b86b32dea7d13c?s=96&d=mm&r=g","caption":"Alex Mu\u00f1oz Iba\u00f1ez"}}]}},"_links":{"self":[{"href":"https:\/\/aquicontigo.uestatales.cl\/index.php\/wp-json\/wp\/v2\/posts\/730","targetHints":{"allow":["GET"]}}],"collection":[{"href":"https:\/\/aquicontigo.uestatales.cl\/index.php\/wp-json\/wp\/v2\/posts"}],"about":[{"href":"https:\/\/aquicontigo.uestatales.cl\/index.php\/wp-json\/wp\/v2\/types\/post"}],"author":[{"embeddable":true,"href":"https:\/\/aquicontigo.uestatales.cl\/index.php\/wp-json\/wp\/v2\/users\/22"}],"replies":[{"embeddable":true,"href":"https:\/\/aquicontigo.uestatales.cl\/index.php\/wp-json\/wp\/v2\/comments?post=730"}],"version-history":[{"count":25,"href":"https:\/\/aquicontigo.uestatales.cl\/index.php\/wp-json\/wp\/v2\/posts\/730\/revisions"}],"predecessor-version":[{"id":2709,"href":"https:\/\/aquicontigo.uestatales.cl\/index.php\/wp-json\/wp\/v2\/posts\/730\/revisions\/2709"}],"wp:featuredmedia":[{"embeddable":true,"href":"https:\/\/aquicontigo.uestatales.cl\/index.php\/wp-json\/wp\/v2\/media\/1296"}],"wp:attachment":[{"href":"https:\/\/aquicontigo.uestatales.cl\/index.php\/wp-json\/wp\/v2\/media?parent=730"}],"wp:term":[{"taxonomy":"category","embeddable":true,"href":"https:\/\/aquicontigo.uestatales.cl\/index.php\/wp-json\/wp\/v2\/categories?post=730"},{"taxonomy":"post_tag","embeddable":true,"href":"https:\/\/aquicontigo.uestatales.cl\/index.php\/wp-json\/wp\/v2\/tags?post=730"}],"curies":[{"name":"wp","href":"https:\/\/api.w.org\/{rel}","templated":true}]}}